{"id":38492,"date":"2026-01-19T08:00:00","date_gmt":"2026-01-19T07:00:00","guid":{"rendered":"https:\/\/swissmig.unine.ch\/?p=38492"},"modified":"2026-01-07T14:57:41","modified_gmt":"2026-01-07T13:57:41","slug":"les-parcours-migratoires-des-jeunes-diplome-e-s-jurassien-ne-s-quelles-tendances-et-quelles-implications-politiques","status":"publish","type":"post","link":"https:\/\/swissmig.unine.ch\/?p=38492","title":{"rendered":"Les parcours migratoires des jeunes dipl\u00f4m\u00e9-e-s jurassien-ne-s : quelles tendances et quelles implications politiques?"},"content":{"rendered":"\n<div class=\"wp-block-group\"><div class=\"wp-block-group__inner-container is-layout-constrained wp-block-group-is-layout-constrained\">\n<div class=\"wp-block-group is-vertical is-layout-flex wp-container-core-group-is-layout-8cf370e7 wp-block-group-is-layout-flex\">\n<h3 class=\"wp-block-heading\">Author(s): Patrick R\u00e9rat<\/h3>\n\n\n\n<h3 class=\"wp-block-heading\">Source: <a href=\"https:\/\/iris.unil.ch\/handle\/iris\/185829\" target=\"_blank\" rel=\"noreferrer noopener\">https:\/\/iris.unil.ch\/handle\/iris\/185829<\/a><\/h3>\n<\/div>\n<\/div><\/div>\n\n\n\n<!--more-->\n\n\n\n<p><strong>Abstract<\/strong><\/p>\n\n\n\n<blockquote class=\"wp-block-quote is-layout-flow wp-block-quote-is-layout-flow\">\n<p>La mobilit\u00e9 des dipl\u00f4m\u00e9-e-s des hautes \u00e9coles se retrouve r\u00e9guli\u00e8rement au c\u0153ur des pr\u00e9occupations<br>dans le Jura. Les enjeux sont en effet importants en mati\u00e8re de d\u00e9veloppement r\u00e9gional.<br>Mais que sait-on des parcours migratoires des jeunes dipl\u00f4m\u00e9-e-s jurassien-ne-s ? Cet article revient<br>sur une large enqu\u00eate men\u00e9e au d\u00e9but des ann\u00e9es 2010 et propose les bases d\u2019une politique<br>de domiciliation.<\/p>\n<\/blockquote>\n","protected":false},"excerpt":{"rendered":"<p>Author(s): Patrick R\u00e9rat Source: https:\/\/iris.unil.ch\/handle\/iris\/185829<\/p>\n","protected":false},"author":3,"featured_media":0,"comment_status":"open","ping_status":"open","sticky":false,"template":"","format":"standard","meta":{"_kadence_starter_templates_imported_post":false,"_kad_post_transparent":"","_kad_post_title":"","_kad_post_layout":"","_kad_post_sidebar_id":"","_kad_post_content_style":"","_kad_post_vertical_padding":"","_kad_post_feature":"","_kad_post_feature_position":"","_kad_post_header":false,"_kad_post_footer":false,"_kad_post_classname":"","jetpack_post_was_ever_published":false,"_jetpack_newsletter_access":"","_jetpack_dont_email_post_to_subs":false,"_jetpack_newsletter_tier_id":0,"_jetpack_memberships_contains_paywalled_content":false,"_jetpack_memberships_contains_paid_content":false,"footnotes":""},"categories":[109],"tags":[306,7,137,52,108,364,458,110,264,290,181],"class_list":["post-38492","post","type-post","status-publish","format-standard","hentry","category-human-geography","tag-306","tag-article","tag-emigration","tag-french-language","tag-geography","tag-jura","tag-migration-routes","tag-mobility","tag-skills","tag-students","tag-survey"],"jetpack_featured_media_url":"","jetpack_sharing_enabled":true,"_links":{"self":[{"href":"https:\/\/swissmig.unine.ch\/index.php?rest_route=\/wp\/v2\/posts\/38492","targetHints":{"allow":["GET"]}}],"collection":[{"href":"https:\/\/swissmig.unine.ch\/index.php?rest_route=\/wp\/v2\/posts"}],"about":[{"href":"https:\/\/swissmig.unine.ch\/index.php?rest_route=\/wp\/v2\/types\/post"}],"author":[{"embeddable":true,"href":"https:\/\/swissmig.unine.ch\/index.php?rest_route=\/wp\/v2\/users\/3"}],"replies":[{"embeddable":true,"href":"https:\/\/swissmig.unine.ch\/index.php?rest_route=%2Fwp%2Fv2%2Fcomments&post=38492"}],"version-history":[{"count":1,"href":"https:\/\/swissmig.unine.ch\/index.php?rest_route=\/wp\/v2\/posts\/38492\/revisions"}],"predecessor-version":[{"id":38493,"href":"https:\/\/swissmig.unine.ch\/index.php?rest_route=\/wp\/v2\/posts\/38492\/revisions\/38493"}],"wp:attachment":[{"href":"https:\/\/swissmig.unine.ch\/index.php?rest_route=%2Fwp%2Fv2%2Fmedia&parent=38492"}],"wp:term":[{"taxonomy":"category","embeddable":true,"href":"https:\/\/swissmig.unine.ch\/index.php?rest_route=%2Fwp%2Fv2%2Fcategories&post=38492"},{"taxonomy":"post_tag","embeddable":true,"href":"https:\/\/swissmig.unine.ch\/index.php?rest_route=%2Fwp%2Fv2%2Ftags&post=38492"}],"curies":[{"name":"wp","href":"https:\/\/api.w.org\/{rel}","templated":true}]}}