{"id":38486,"date":"2026-01-12T08:00:00","date_gmt":"2026-01-12T07:00:00","guid":{"rendered":"https:\/\/swissmig.unine.ch\/?p=38486"},"modified":"2026-01-05T15:57:35","modified_gmt":"2026-01-05T14:57:35","slug":"sintegrer-en-tant-que-femmes-erythreennes-et-admises-provisoires-en-suisse","status":"publish","type":"post","link":"https:\/\/swissmig.unine.ch\/?p=38486","title":{"rendered":"S\u2019int\u00e9grer en tant que femmes, \u00e9rythr\u00e9ennes et admises provisoires en Suisse"},"content":{"rendered":"\n<div class=\"wp-block-group\"><div class=\"wp-block-group__inner-container is-layout-constrained wp-block-group-is-layout-constrained\">\n<div class=\"wp-block-group is-vertical is-layout-flex wp-container-core-group-is-layout-8cf370e7 wp-block-group-is-layout-flex\">\n<h3 class=\"wp-block-heading\">Author(s): Clotilde Genilloud<\/h3>\n\n\n\n<h3 class=\"wp-block-heading\">Source: <a href=\"https:\/\/folia.unifr.ch\/global\/documents\/332679\" target=\"_blank\" rel=\"noreferrer noopener\">https:\/\/folia.unifr.ch\/global\/documents\/332679<\/a><\/h3>\n<\/div>\n<\/div><\/div>\n\n\n\n<!--more-->\n\n\n\n<p><strong>Abstract<\/strong><\/p>\n\n\n\n<blockquote class=\"wp-block-quote is-layout-flow wp-block-quote-is-layout-flow\">\n<p>Ce travail pr\u00e9sente les r\u00e9sultats d\u2019une \u00e9tude qualitative visant \u00e0 analyser les exp\u00e9riences d\u2019int\u00e9gration des femmes \u00e9rythr\u00e9ennes admises \u00e0 titre provisoire en Suisse (romande), en identifiant les d\u00e9fis qu\u2019elles rencontrent, les strat\u00e9gies qu\u2019elles mobilisent et l\u2019impact du statut juridique sur leurs parcours. Le mat\u00e9riel empirique a \u00e9t\u00e9 recueilli aupr\u00e8s de 10 personnes, dont 5 femmes et 5 hommes.<br>Les exp\u00e9riences des participantes, pens\u00e9es \u00e0 l\u2019aune de leurs compatriotes masculins, r\u00e9v\u00e8lent des obstacles structurels majeurs, notamment les restrictions impos\u00e9es par leur statut l\u00e9gal. Ces contraintes sont exacerb\u00e9es par des barri\u00e8res linguistiques, la non-reconnaissance des qualifications, les discriminations genr\u00e9es, les st\u00e9r\u00e9otypes sociaux et des attentes culturelles, qui freinent leur participation dans le pays d\u2019accueil.<br>Cependant, les participantes t\u00e9moignent d\u2019une r\u00e9silience remarquable. Elles mobilisent leurs r\u00e9seaux communautaires pour b\u00e9n\u00e9ficier de soutien, participent activement \u00e0 des programmes de formation linguistique et professionnelle, et s\u2019engagent pour \u00e9largir leurs opportunit\u00e9s. Ces efforts illustrent leur d\u00e9termination \u00e0 surmonter les d\u00e9fis rencontr\u00e9s et \u00e0 construire des trajectoires d\u2019int\u00e9gration malgr\u00e9 les contraintes.<\/p>\n\n\n\n<p><strong>Mots-cl\u00e9s <\/strong>: int\u00e9gration, femmes \u00e9rythr\u00e9ennes, admission provisoire, obstacles, ressources <\/p>\n\n\n\n<p>This work presents the results of a qualitative study aimed at analyzing the integration experiences of Eritrean women with provisional admission status in French-speaking Switzerland, by identifying the challenges they face, the strategies they employ, and the impact of their legal status on their trajectories. Empirical data was collected from 10 participants, including 5 women and 5 men.<br>The experiences of the women, considered in comparison to those of their male compatriots, reveal significant structural obstacles, particularly the restrictions imposed by their legal status. These constraints are exacerbated by language barriers, the non-recognition of qualifications, gender-based discrimination, social stereotypes, and cultural expectations, all of which hinder their participation in the host country.<br>However, the participants demonstrate remarkable resilience. They leverage their community networks for support, actively participate in language and professional training programs, and engage in efforts to expand their opportunities. These initiatives illustrate their determination to overcome challenges and build integration pathways despite the constraints.<\/p>\n\n\n\n<p><strong>Keywords<\/strong>: integration, Eritrean women, provisional admission, obstacles, resources<\/p>\n<\/blockquote>\n","protected":false},"excerpt":{"rendered":"<p>Author(s): Clotilde Genilloud Source: https:\/\/folia.unifr.ch\/global\/documents\/332679<\/p>\n","protected":false},"author":3,"featured_media":0,"comment_status":"open","ping_status":"open","sticky":false,"template":"","format":"standard","meta":{"_kadence_starter_templates_imported_post":false,"_kad_post_transparent":"","_kad_post_title":"","_kad_post_layout":"","_kad_post_sidebar_id":"","_kad_post_content_style":"","_kad_post_vertical_padding":"","_kad_post_feature":"","_kad_post_feature_position":"","_kad_post_header":false,"_kad_post_footer":false,"_kad_post_classname":"","jetpack_post_was_ever_published":false,"_jetpack_newsletter_access":"","_jetpack_dont_email_post_to_subs":false,"_jetpack_newsletter_tier_id":0,"_jetpack_memberships_contains_paywalled_content":false,"_jetpack_memberships_contains_paid_content":false,"footnotes":""},"categories":[24],"tags":[306,527,82,52,148,387,160,236,303,319,458,356,373,437,91,402,201],"class_list":["post-38486","post","type-post","status-publish","format-standard","hentry","category-society-family-racism","tag-306","tag-eritreans","tag-ethnic-discrimination","tag-french-language","tag-gender","tag-integration-policy","tag-integration-programmes","tag-language-barriers","tag-legal-aspects","tag-master-thesis","tag-migration-routes","tag-migratory-status","tag-qualitative-research","tag-resilience","tag-social-integration","tag-temporary-admission","tag-women"],"jetpack_featured_media_url":"","jetpack_sharing_enabled":true,"_links":{"self":[{"href":"https:\/\/swissmig.unine.ch\/index.php?rest_route=\/wp\/v2\/posts\/38486","targetHints":{"allow":["GET"]}}],"collection":[{"href":"https:\/\/swissmig.unine.ch\/index.php?rest_route=\/wp\/v2\/posts"}],"about":[{"href":"https:\/\/swissmig.unine.ch\/index.php?rest_route=\/wp\/v2\/types\/post"}],"author":[{"embeddable":true,"href":"https:\/\/swissmig.unine.ch\/index.php?rest_route=\/wp\/v2\/users\/3"}],"replies":[{"embeddable":true,"href":"https:\/\/swissmig.unine.ch\/index.php?rest_route=%2Fwp%2Fv2%2Fcomments&post=38486"}],"version-history":[{"count":1,"href":"https:\/\/swissmig.unine.ch\/index.php?rest_route=\/wp\/v2\/posts\/38486\/revisions"}],"predecessor-version":[{"id":38487,"href":"https:\/\/swissmig.unine.ch\/index.php?rest_route=\/wp\/v2\/posts\/38486\/revisions\/38487"}],"wp:attachment":[{"href":"https:\/\/swissmig.unine.ch\/index.php?rest_route=%2Fwp%2Fv2%2Fmedia&parent=38486"}],"wp:term":[{"taxonomy":"category","embeddable":true,"href":"https:\/\/swissmig.unine.ch\/index.php?rest_route=%2Fwp%2Fv2%2Fcategories&post=38486"},{"taxonomy":"post_tag","embeddable":true,"href":"https:\/\/swissmig.unine.ch\/index.php?rest_route=%2Fwp%2Fv2%2Ftags&post=38486"}],"curies":[{"name":"wp","href":"https:\/\/api.w.org\/{rel}","templated":true}]}}