{"id":38479,"date":"2025-12-18T08:00:00","date_gmt":"2025-12-18T07:00:00","guid":{"rendered":"https:\/\/swissmig.unine.ch\/?p=38479"},"modified":"2025-12-17T16:45:23","modified_gmt":"2025-12-17T15:45:23","slug":"la-situation-des-mineurs-non-accompagnes-en-suisse","status":"publish","type":"post","link":"https:\/\/swissmig.unine.ch\/?p=38479","title":{"rendered":"La situation des mineurs non accompagn\u00e9s en Suisse"},"content":{"rendered":"\n<div class=\"wp-block-group\"><div class=\"wp-block-group__inner-container is-layout-constrained wp-block-group-is-layout-constrained\">\n<div class=\"wp-block-group is-vertical is-layout-flex wp-container-core-group-is-layout-8cf370e7 wp-block-group-is-layout-flex\">\n<h3 class=\"wp-block-heading\">Author(s): Sylvain Vitt\u00e9<\/h3>\n\n\n\n<h3 class=\"wp-block-heading\">Source: <a href=\"https:\/\/www.coe.int\/t\/dg3\/migration\/archives\/Source\/MalagaRegConf\/MG-RCONF_2005_4_Report_Switzerland_fr.pdf\">https:\/\/www.coe.int\/t\/dg3\/migration\/archives\/Source\/MalagaRegConf\/MG-RCONF_2005_4_Report_Switzerland_fr.pdf<\/a><\/h3>\n<\/div>\n<\/div><\/div>\n\n\n\n<!--more-->\n\n\n\n<p><strong>Abstract<\/strong><\/p>\n\n\n\n<blockquote class=\"wp-block-quote is-layout-flow wp-block-quote-is-layout-flow\">\n<p>Conf\u00e9rence r\u00e9gionale sur \u00ab Les migrations des mineurs non &#8211; accompagn\u00e9s : agir dans l\u2019int\u00e9r\u00eat sup\u00e9rieur de l\u2019enfant. Torremolinos, M\u00e1laga &#8211; Espagne, 27-28 octobre 2005<br>La prise de conscience de la pr\u00e9sence de MNA en Suisse date de la fin des ann\u00e9es 1980.<br>C\u2019est essentiellement dans le cadre de la proc\u00e9dure d\u2019asile que les autorit\u00e9s ont pu constater le<br>d\u00e9veloppement de ce ph\u00e9nom\u00e8ne. Chaque ann\u00e9e, plusieurs centaines d\u2019adolescents cherchent \u00e0<br>\u00eatre reconnus comme r\u00e9fugi\u00e9s en vue d\u2019obtenir le droit de s\u2019installer en Suisse.<\/p>\n<\/blockquote>\n","protected":false},"excerpt":{"rendered":"<p>Author(s): Sylvain Vitt\u00e9 Source: https:\/\/www.coe.int\/t\/dg3\/migration\/archives\/Source\/MalagaRegConf\/MG-RCONF_2005_4_Report_Switzerland_fr.pdf<\/p>\n","protected":false},"author":3,"featured_media":0,"comment_status":"open","ping_status":"open","sticky":false,"template":"","format":"standard","meta":{"_kadence_starter_templates_imported_post":false,"_kad_post_transparent":"","_kad_post_title":"","_kad_post_layout":"","_kad_post_sidebar_id":"","_kad_post_content_style":"","_kad_post_vertical_padding":"","_kad_post_feature":"","_kad_post_feature_position":"","_kad_post_header":false,"_kad_post_footer":false,"_kad_post_classname":"","jetpack_post_was_ever_published":false,"_jetpack_newsletter_access":"","_jetpack_dont_email_post_to_subs":true,"_jetpack_newsletter_tier_id":0,"_jetpack_memberships_contains_paywalled_content":false,"_jetpack_memberships_contains_paid_content":false,"footnotes":""},"categories":[24],"tags":[463,112,50,318,38,64,262],"class_list":["post-38479","post","type-post","status-publish","format-standard","hentry","category-society-family-racism","tag-463","tag-asylum-procedure","tag-asylum-seekers","tag-children","tag-conference-paper","tag-unaccompanied-minors","tag-undocumented-immigrants"],"jetpack_featured_media_url":"","jetpack_sharing_enabled":true,"_links":{"self":[{"href":"https:\/\/swissmig.unine.ch\/index.php?rest_route=\/wp\/v2\/posts\/38479","targetHints":{"allow":["GET"]}}],"collection":[{"href":"https:\/\/swissmig.unine.ch\/index.php?rest_route=\/wp\/v2\/posts"}],"about":[{"href":"https:\/\/swissmig.unine.ch\/index.php?rest_route=\/wp\/v2\/types\/post"}],"author":[{"embeddable":true,"href":"https:\/\/swissmig.unine.ch\/index.php?rest_route=\/wp\/v2\/users\/3"}],"replies":[{"embeddable":true,"href":"https:\/\/swissmig.unine.ch\/index.php?rest_route=%2Fwp%2Fv2%2Fcomments&post=38479"}],"version-history":[{"count":1,"href":"https:\/\/swissmig.unine.ch\/index.php?rest_route=\/wp\/v2\/posts\/38479\/revisions"}],"predecessor-version":[{"id":38480,"href":"https:\/\/swissmig.unine.ch\/index.php?rest_route=\/wp\/v2\/posts\/38479\/revisions\/38480"}],"wp:attachment":[{"href":"https:\/\/swissmig.unine.ch\/index.php?rest_route=%2Fwp%2Fv2%2Fmedia&parent=38479"}],"wp:term":[{"taxonomy":"category","embeddable":true,"href":"https:\/\/swissmig.unine.ch\/index.php?rest_route=%2Fwp%2Fv2%2Fcategories&post=38479"},{"taxonomy":"post_tag","embeddable":true,"href":"https:\/\/swissmig.unine.ch\/index.php?rest_route=%2Fwp%2Fv2%2Ftags&post=38479"}],"curies":[{"name":"wp","href":"https:\/\/api.w.org\/{rel}","templated":true}]}}