{"id":38475,"date":"2025-12-18T08:00:00","date_gmt":"2025-12-18T07:00:00","guid":{"rendered":"https:\/\/swissmig.unine.ch\/?p=38475"},"modified":"2025-12-17T16:26:00","modified_gmt":"2025-12-17T15:26:00","slug":"la-part-des-etrangers-dans-le-secteur-industriel-suisse-a-la-fin-de-1975","status":"publish","type":"post","link":"https:\/\/swissmig.unine.ch\/?p=38475","title":{"rendered":"La part des \u00e9trangers dans le secteur industriel suisse \u00e0 la fin de 1975"},"content":{"rendered":"\n<div class=\"wp-block-group\"><div class=\"wp-block-group__inner-container is-layout-constrained wp-block-group-is-layout-constrained\">\n<div class=\"wp-block-group is-vertical is-layout-flex wp-container-core-group-is-layout-8cf370e7 wp-block-group-is-layout-flex\">\n<h3 class=\"wp-block-heading\">Author(s): Raymond Balseinte<\/h3>\n\n\n\n<h3 class=\"wp-block-heading\">Source: <a href=\"https:\/\/www.persee.fr\/doc\/htn_0018-439x_1981_hos_2_1_1727\" target=\"_blank\" rel=\"noreferrer noopener\">https:\/\/www.persee.fr\/doc\/htn_0018-439x_1981_hos_2_1_1727<\/a><\/h3>\n<\/div>\n<\/div><\/div>\n\n\n\n<!--more-->\n\n\n\n<p><strong>Abstract<\/strong><\/p>\n\n\n\n<blockquote class=\"wp-block-quote is-layout-flow wp-block-quote-is-layout-flow\">\n<p>L&#8217;auteur a exploit\u00e9 les tableaux photocopi\u00e9s de l&#8217;enqu\u00eate annuelle aupr\u00e8s des entreprises industrielles r\u00e9alis\u00e9e en d\u00e9cembre 1975, donc au m\u00eame moment que le Recensement F\u00e9d\u00e9ral des entreprises de 1975. Apr\u00e8s avoir donn\u00e9 la r\u00e9partition g\u00e9ographique de la population active occup\u00e9e dans le sous-secteur de l&#8217;industrie et des arts et m\u00e9tiers, et la r\u00e9partition g\u00e9ographique des effectifs employ\u00e9s par les entreprises industrielles suisses (moins de 200 communes regroupent pr\u00e8s de 20% des entreprises de taille industrielle et pr\u00e8s de 80 % des effectifs totaux correspondants), l&#8217;auteur consacre un d\u00e9veloppement aux \u00e9trangers dans la population active de la Suisse entre 1970 et J975, puis analyse la r\u00e9partition des \u00e9trangers dans les seules entreprises industrielles : ils sont particuli\u00e8rement nombreux dans les cantons de Zurich (45 000), Argovie (25 000), Berne, Tessin et St-Gall (20 000), Vaud, B\u00e2le-ville et Gen\u00e8ve (15 000) ; 47 % sont \u00e9tablis, 37 % sont annuels et 16 % sont frontaliers. Un dernier tableau donne les indications les plus caract\u00e9ristiques sur la place des \u00e9trangers et des \u00e9trang\u00e8res dans les entreprises des 100 communes suisses employant au moins 500 \u00e9trangers, en fonction des branches dominantes &#8211; on pourrait en tirer une typologie puisque ce tableau regroupe 60 % des 250 000 actifs \u00e9trangers concern\u00e9s.<\/p>\n<\/blockquote>\n","protected":false},"excerpt":{"rendered":"<p>Author(s): Raymond Balseinte Source: https:\/\/www.persee.fr\/doc\/htn_0018-439x_1981_hos_2_1_1727<\/p>\n","protected":false},"author":3,"featured_media":0,"comment_status":"open","ping_status":"open","sticky":false,"template":"","format":"standard","meta":{"_kadence_starter_templates_imported_post":false,"_kad_post_transparent":"","_kad_post_title":"","_kad_post_layout":"","_kad_post_sidebar_id":"","_kad_post_content_style":"","_kad_post_vertical_padding":"","_kad_post_feature":"","_kad_post_feature_position":"","_kad_post_header":false,"_kad_post_footer":false,"_kad_post_classname":"","jetpack_post_was_ever_published":false,"_jetpack_newsletter_access":"","_jetpack_dont_email_post_to_subs":true,"_jetpack_newsletter_tier_id":0,"_jetpack_memberships_contains_paywalled_content":false,"_jetpack_memberships_contains_paid_content":false,"footnotes":""},"categories":[277],"tags":[454,7,57,120,446,28,52,108,584,143,384],"class_list":["post-38475","post","type-post","status-publish","format-standard","hentry","category-demography-statistics","tag-454","tag-article","tag-comparative-analysis","tag-data-analysis","tag-enterprises","tag-foreigners","tag-french-language","tag-geography","tag-industry","tag-statistical-data","tag-workers"],"jetpack_featured_media_url":"","jetpack_sharing_enabled":true,"_links":{"self":[{"href":"https:\/\/swissmig.unine.ch\/index.php?rest_route=\/wp\/v2\/posts\/38475","targetHints":{"allow":["GET"]}}],"collection":[{"href":"https:\/\/swissmig.unine.ch\/index.php?rest_route=\/wp\/v2\/posts"}],"about":[{"href":"https:\/\/swissmig.unine.ch\/index.php?rest_route=\/wp\/v2\/types\/post"}],"author":[{"embeddable":true,"href":"https:\/\/swissmig.unine.ch\/index.php?rest_route=\/wp\/v2\/users\/3"}],"replies":[{"embeddable":true,"href":"https:\/\/swissmig.unine.ch\/index.php?rest_route=%2Fwp%2Fv2%2Fcomments&post=38475"}],"version-history":[{"count":1,"href":"https:\/\/swissmig.unine.ch\/index.php?rest_route=\/wp\/v2\/posts\/38475\/revisions"}],"predecessor-version":[{"id":38476,"href":"https:\/\/swissmig.unine.ch\/index.php?rest_route=\/wp\/v2\/posts\/38475\/revisions\/38476"}],"wp:attachment":[{"href":"https:\/\/swissmig.unine.ch\/index.php?rest_route=%2Fwp%2Fv2%2Fmedia&parent=38475"}],"wp:term":[{"taxonomy":"category","embeddable":true,"href":"https:\/\/swissmig.unine.ch\/index.php?rest_route=%2Fwp%2Fv2%2Fcategories&post=38475"},{"taxonomy":"post_tag","embeddable":true,"href":"https:\/\/swissmig.unine.ch\/index.php?rest_route=%2Fwp%2Fv2%2Ftags&post=38475"}],"curies":[{"name":"wp","href":"https:\/\/api.w.org\/{rel}","templated":true}]}}