{"id":38471,"date":"2025-12-18T08:00:00","date_gmt":"2025-12-18T07:00:00","guid":{"rendered":"https:\/\/swissmig.unine.ch\/?p=38471"},"modified":"2025-12-17T14:41:36","modified_gmt":"2025-12-17T13:41:36","slug":"das-problem-der-auslandischen-arbeitskrafte-in-der-schweiz","status":"publish","type":"post","link":"https:\/\/swissmig.unine.ch\/?p=38471","title":{"rendered":"Das Problem der ausl\u00e4ndischen Arbeitskr\u00e4fte in der Schweiz"},"content":{"rendered":"\n<div class=\"wp-block-group\"><div class=\"wp-block-group__inner-container is-layout-constrained wp-block-group-is-layout-constrained\">\n<div class=\"wp-block-group is-vertical is-layout-flex wp-container-core-group-is-layout-8cf370e7 wp-block-group-is-layout-flex\">\n<h3 class=\"wp-block-heading\">Author(s): Egon Tuchfeldt<\/h3>\n\n\n\n<h3 class=\"wp-block-heading\">Source: <a href=\"https:\/\/hdl.handle.net\/10419\/133548\" target=\"_blank\" rel=\"noreferrer noopener\">https:\/\/hdl.handle.net\/10419\/133548<\/a><\/h3>\n<\/div>\n<\/div><\/div>\n\n\n\n<!--more-->\n\n\n\n<p><strong>Abstract<\/strong><\/p>\n\n\n\n<blockquote class=\"wp-block-quote is-layout-flow wp-block-quote-is-layout-flow\">\n<p>Die Restriktionen gegen den weiteren Zustrom ausl\u00e4ndisdier Arbeitskr\u00e4fte, die man in der Schweiz<br>seit 1963 ergriffen und seitdem mehrfach versch\u00e4rft hat, haben auch im Ausland einiges Aufsehen erregt. Passen sie doch nicht recht in das liberale Bild, das gew\u00f6hnlich bei dem Gedanken an die schweizerischen Verh\u00e4ltnisse auftaucht. Dabei handelt es sich hierbei nur um einen Teil des konjunkturellen Stabilisierungsprogramms, das infolge einer allzu hektischen Expansion erforderlich wurde.<\/p>\n<\/blockquote>\n","protected":false},"excerpt":{"rendered":"<p>Author(s): Egon Tuchfeldt Source: https:\/\/hdl.handle.net\/10419\/133548<\/p>\n","protected":false},"author":3,"featured_media":0,"comment_status":"open","ping_status":"open","sticky":false,"template":"","format":"standard","meta":{"_kadence_starter_templates_imported_post":false,"_kad_post_transparent":"","_kad_post_title":"","_kad_post_layout":"","_kad_post_sidebar_id":"","_kad_post_content_style":"","_kad_post_vertical_padding":"","_kad_post_feature":"","_kad_post_feature_position":"","_kad_post_header":false,"_kad_post_footer":false,"_kad_post_classname":"","jetpack_post_was_ever_published":false,"_jetpack_newsletter_access":"","_jetpack_dont_email_post_to_subs":true,"_jetpack_newsletter_tier_id":0,"_jetpack_memberships_contains_paywalled_content":false,"_jetpack_memberships_contains_paid_content":false,"footnotes":""},"categories":[16],"tags":[491,7,37,106,176,73,133,83,279,384],"class_list":["post-38471","post","type-post","status-publish","format-standard","hentry","category-economics","tag-491","tag-article","tag-attitudes-towards-migrants","tag-border-controls","tag-economic-integration","tag-german-language","tag-immigrant-policy","tag-labour-market-policy","tag-socioeconomic-factors","tag-workers"],"jetpack_featured_media_url":"","jetpack_sharing_enabled":true,"_links":{"self":[{"href":"https:\/\/swissmig.unine.ch\/index.php?rest_route=\/wp\/v2\/posts\/38471","targetHints":{"allow":["GET"]}}],"collection":[{"href":"https:\/\/swissmig.unine.ch\/index.php?rest_route=\/wp\/v2\/posts"}],"about":[{"href":"https:\/\/swissmig.unine.ch\/index.php?rest_route=\/wp\/v2\/types\/post"}],"author":[{"embeddable":true,"href":"https:\/\/swissmig.unine.ch\/index.php?rest_route=\/wp\/v2\/users\/3"}],"replies":[{"embeddable":true,"href":"https:\/\/swissmig.unine.ch\/index.php?rest_route=%2Fwp%2Fv2%2Fcomments&post=38471"}],"version-history":[{"count":1,"href":"https:\/\/swissmig.unine.ch\/index.php?rest_route=\/wp\/v2\/posts\/38471\/revisions"}],"predecessor-version":[{"id":38472,"href":"https:\/\/swissmig.unine.ch\/index.php?rest_route=\/wp\/v2\/posts\/38471\/revisions\/38472"}],"wp:attachment":[{"href":"https:\/\/swissmig.unine.ch\/index.php?rest_route=%2Fwp%2Fv2%2Fmedia&parent=38471"}],"wp:term":[{"taxonomy":"category","embeddable":true,"href":"https:\/\/swissmig.unine.ch\/index.php?rest_route=%2Fwp%2Fv2%2Fcategories&post=38471"},{"taxonomy":"post_tag","embeddable":true,"href":"https:\/\/swissmig.unine.ch\/index.php?rest_route=%2Fwp%2Fv2%2Ftags&post=38471"}],"curies":[{"name":"wp","href":"https:\/\/api.w.org\/{rel}","templated":true}]}}