{"id":38466,"date":"2025-12-17T08:00:00","date_gmt":"2025-12-17T07:00:00","guid":{"rendered":"https:\/\/swissmig.unine.ch\/?p=38466"},"modified":"2025-12-16T16:12:33","modified_gmt":"2025-12-16T15:12:33","slug":"limmigration-en-suisse-evolution-de-la-politique-dimmigration-et-consequences-economiques","status":"publish","type":"post","link":"https:\/\/swissmig.unine.ch\/?p=38466","title":{"rendered":"L&#8217;immigration en Suisse. \u00c9volution de la politique d&#8217;immigration et cons\u00e9quences \u00e9conomiques"},"content":{"rendered":"\n<div class=\"wp-block-group\"><div class=\"wp-block-group__inner-container is-layout-constrained wp-block-group-is-layout-constrained\">\n<div class=\"wp-block-group is-vertical is-layout-flex wp-container-core-group-is-layout-8cf370e7 wp-block-group-is-layout-flex\">\n<h3 class=\"wp-block-heading\">Author(s): Denis Maillat<\/h3>\n\n\n\n<h3 class=\"wp-block-heading\">Source: <a href=\"https:\/\/www.persee.fr\/doc\/ierii_1764-8319_1976_act_6_1_899\" target=\"_blank\" rel=\"noreferrer noopener\">https:\/\/www.persee.fr\/doc\/ierii_1764-8319_1976_act_6_1_899<\/a><\/h3>\n<\/div>\n<\/div><\/div>\n\n\n\n<!--more-->\n\n\n\n<p><strong>Abstract<\/strong><\/p>\n\n\n\n<blockquote class=\"wp-block-quote is-layout-flow wp-block-quote-is-layout-flow\">\n<p>L&#8217;immigration a commenc\u00e9 de jouer un r\u00f4le important dans le fonctionnement de l&#8217;\u00e9conomie suisse \u00e0 partir de 1950. A cette \u00e9poque, le besoin de croissance \u00e9conomique entra\u00eena un afflux consid\u00e9rable de main-d&#8217;\u0153uvre \u00e9trang\u00e8re \u00e9tant donn\u00e9es les ressources insuffisantes du march\u00e9 national de l&#8217;emploi. Dans un premier temps, les immigrants ont \u00e9t\u00e9 consid\u00e9r\u00e9s comme une main-d&#8217;\u0153uvre d&#8217;appoint ayant un caract\u00e8re temporaire. On ne pensait pas, en effet, que la croissance \u00e9conomique serait durable.<br>Dans ces conditions, il fallait que le travailleur \u00e9tranger puisse retourner dans son pays au moindre signe de ralentissement conjonctural. Sa pr\u00e9sence ne devait donc pas porter pr\u00e9judice au travailleur indig\u00e8ne, pas plus qu&#8217;elle ne devait changer l&#8217;infrastructure.<br><\/p>\n<\/blockquote>\n","protected":false},"excerpt":{"rendered":"<p>Author(s): Denis Maillat Source: https:\/\/www.persee.fr\/doc\/ierii_1764-8319_1976_act_6_1_899<\/p>\n","protected":false},"author":3,"featured_media":0,"comment_status":"open","ping_status":"open","sticky":false,"template":"","format":"standard","meta":{"_kadence_starter_templates_imported_post":false,"_kad_post_transparent":"","_kad_post_title":"","_kad_post_layout":"","_kad_post_sidebar_id":"","_kad_post_content_style":"","_kad_post_vertical_padding":"","_kad_post_feature":"","_kad_post_feature_position":"","_kad_post_header":false,"_kad_post_footer":false,"_kad_post_classname":"","jetpack_post_was_ever_published":false,"_jetpack_newsletter_access":"","_jetpack_dont_email_post_to_subs":true,"_jetpack_newsletter_tier_id":0,"_jetpack_memberships_contains_paywalled_content":false,"_jetpack_memberships_contains_paid_content":false,"footnotes":""},"categories":[16],"tags":[790,362,7,15,79,52,20,245,384,158],"class_list":["post-38466","post","type-post","status-publish","format-standard","hentry","category-economics","tag-790","tag-access-to-employment","tag-article","tag-economic-impact","tag-equal-opportunities","tag-french-language","tag-migration-flows","tag-temporary-migration","tag-workers","tag-working-conditions"],"jetpack_featured_media_url":"","jetpack_sharing_enabled":true,"_links":{"self":[{"href":"https:\/\/swissmig.unine.ch\/index.php?rest_route=\/wp\/v2\/posts\/38466","targetHints":{"allow":["GET"]}}],"collection":[{"href":"https:\/\/swissmig.unine.ch\/index.php?rest_route=\/wp\/v2\/posts"}],"about":[{"href":"https:\/\/swissmig.unine.ch\/index.php?rest_route=\/wp\/v2\/types\/post"}],"author":[{"embeddable":true,"href":"https:\/\/swissmig.unine.ch\/index.php?rest_route=\/wp\/v2\/users\/3"}],"replies":[{"embeddable":true,"href":"https:\/\/swissmig.unine.ch\/index.php?rest_route=%2Fwp%2Fv2%2Fcomments&post=38466"}],"version-history":[{"count":1,"href":"https:\/\/swissmig.unine.ch\/index.php?rest_route=\/wp\/v2\/posts\/38466\/revisions"}],"predecessor-version":[{"id":38467,"href":"https:\/\/swissmig.unine.ch\/index.php?rest_route=\/wp\/v2\/posts\/38466\/revisions\/38467"}],"wp:attachment":[{"href":"https:\/\/swissmig.unine.ch\/index.php?rest_route=%2Fwp%2Fv2%2Fmedia&parent=38466"}],"wp:term":[{"taxonomy":"category","embeddable":true,"href":"https:\/\/swissmig.unine.ch\/index.php?rest_route=%2Fwp%2Fv2%2Fcategories&post=38466"},{"taxonomy":"post_tag","embeddable":true,"href":"https:\/\/swissmig.unine.ch\/index.php?rest_route=%2Fwp%2Fv2%2Ftags&post=38466"}],"curies":[{"name":"wp","href":"https:\/\/api.w.org\/{rel}","templated":true}]}}