{"id":38462,"date":"2025-12-10T18:00:00","date_gmt":"2025-12-10T17:00:00","guid":{"rendered":"https:\/\/swissmig.unine.ch\/?p=38462"},"modified":"2025-12-10T17:24:42","modified_gmt":"2025-12-10T16:24:42","slug":"sans-papiers-in-der-schweiz-widerspruche-und-interessenkonflikte","status":"publish","type":"post","link":"https:\/\/swissmig.unine.ch\/?p=38462","title":{"rendered":"Sans-Papiers in der Schweiz: Widerspr\u00fcche und Interessenkonflikte"},"content":{"rendered":"\n<div class=\"wp-block-group\"><div class=\"wp-block-group__inner-container is-layout-constrained wp-block-group-is-layout-constrained\">\n<div class=\"wp-block-group is-vertical is-layout-flex wp-container-core-group-is-layout-8cf370e7 wp-block-group-is-layout-flex\">\n<h3 class=\"wp-block-heading\">Author(s): Bundesamt f\u00fcr Fl\u00fcchtlinge (BFF)<\/h3>\n\n\n\n<h3 class=\"wp-block-heading\">Source: <a href=\"https:\/\/www.google.com\/url?sa=t&amp;source=web&amp;rct=j&amp;opi=89978449&amp;url=https:\/\/www.sem.admin.ch\/dam\/sem\/de\/data\/publiservice\/service\/forschung\/2004-sans-papiers-ch-widersprueche-interessenkonflikte.pdf.download.pdf\/2004-sans-papiers-ch-widersprueche-interessenkonflikte-d.pdf&amp;ved=2ahUKEwis6JbHtbORAxVO-AIHHZEBKKcQFnoECBcQAQ&amp;usg=AOvVaw3bu5ys0sSQU4PkmYPl0aSE\">https:\/\/www.sem.admin.ch\/dam\/sem\/de\/data\/publiservice\/service\/forschung\/2004-sans-papiers-ch-widersprueche-interessenkonflikte.pdf<\/a><\/h3>\n<\/div>\n<\/div><\/div>\n\n\n\n<!--more-->\n\n\n\n<p><strong>Abstract<\/strong><\/p>\n\n\n\n<blockquote class=\"wp-block-quote is-layout-flow wp-block-quote-is-layout-flow\">\n<p>Schaffen die neusten, von Sparmassvorgaben gepr\u00e4gten Massnahmen im Schweizer Asylwesen eine neue Generation von Sans-Papiers? F\u00fchrt die immer restriktivere Asyl- und Migrationspolitik dazu, dass immer mehr Menschen in unserem Land ohne regul\u00e4re Aufenthaltsbewilligung leben und arbeiten?<br>Im Rahmen der parlamentarischen Diskussion des Entlastungsprogramms 03 (EP03) wurden diese Fragen gestellt. Als Reaktion darauf hat der ehemalige Direktor des Bundesamtes f\u00fcr Fl\u00fcchtlinge (BFF), Jean-Daniel Gerber, die Idee aufgebracht, eine Studie \u00fcber Sans-Papiers in der Schweiz zu unternehmen mit dem Ziel, Basiswissen zu erwerben, um sp\u00e4tere Ver\u00e4nderungen messen zu k\u00f6nnen. Wenn ab dem 1. April 2004 keine Sozialhilfe mehr an Personen bezahlt wird, welche einen Nichteintretensentscheid auf ihr Asylgesuch erhalten haben, werden damit ehemalige Asylsuchende direkt in die Irregularit\u00e4t gedr\u00e4ngt? Verbleiben sie in der Schweiz als Sans-Papiers? Die Kantone vermuten dies, das BFF nimmt diese Sorge ernst und will die Fakten herausfinden. Das Ziel ist es, die Anzahl der Sans-Papiers in der Schweiz besser sch\u00e4tzen zu k\u00f6nnen, jedoch auch mehr zu erfahren \u00fcber ihre soziodemografischen Merkmale, ihre Herkunft oder die Sektoren, in welchen sie besch\u00e4ftigt sind.<\/p>\n<\/blockquote>\n","protected":false},"excerpt":{"rendered":"<p>Author(s): Bundesamt f\u00fcr Fl\u00fcchtlinge (BFF) Source: https:\/\/www.sem.admin.ch\/dam\/sem\/de\/data\/publiservice\/service\/forschung\/2004-sans-papiers-ch-widersprueche-interessenkonflikte.pdf<\/p>\n","protected":false},"author":3,"featured_media":0,"comment_status":"open","ping_status":"open","sticky":false,"template":"","format":"standard","meta":{"_kadence_starter_templates_imported_post":false,"_kad_post_transparent":"","_kad_post_title":"","_kad_post_layout":"","_kad_post_sidebar_id":"","_kad_post_content_style":"","_kad_post_vertical_padding":"","_kad_post_feature":"","_kad_post_feature_position":"","_kad_post_header":false,"_kad_post_footer":false,"_kad_post_classname":"","jetpack_post_was_ever_published":false,"_jetpack_newsletter_access":"","_jetpack_dont_email_post_to_subs":true,"_jetpack_newsletter_tier_id":0,"_jetpack_memberships_contains_paywalled_content":false,"_jetpack_memberships_contains_paid_content":false,"footnotes":""},"categories":[24],"tags":[85,49,50,73,294,249,91,279,262],"class_list":["post-38462","post","type-post","status-publish","format-standard","hentry","category-society-family-racism","tag-85","tag-asylum-policy","tag-asylum-seekers","tag-german-language","tag-irregular-migration","tag-report","tag-social-integration","tag-socioeconomic-factors","tag-undocumented-immigrants"],"jetpack_featured_media_url":"","jetpack_sharing_enabled":true,"_links":{"self":[{"href":"https:\/\/swissmig.unine.ch\/index.php?rest_route=\/wp\/v2\/posts\/38462","targetHints":{"allow":["GET"]}}],"collection":[{"href":"https:\/\/swissmig.unine.ch\/index.php?rest_route=\/wp\/v2\/posts"}],"about":[{"href":"https:\/\/swissmig.unine.ch\/index.php?rest_route=\/wp\/v2\/types\/post"}],"author":[{"embeddable":true,"href":"https:\/\/swissmig.unine.ch\/index.php?rest_route=\/wp\/v2\/users\/3"}],"replies":[{"embeddable":true,"href":"https:\/\/swissmig.unine.ch\/index.php?rest_route=%2Fwp%2Fv2%2Fcomments&post=38462"}],"version-history":[{"count":1,"href":"https:\/\/swissmig.unine.ch\/index.php?rest_route=\/wp\/v2\/posts\/38462\/revisions"}],"predecessor-version":[{"id":38463,"href":"https:\/\/swissmig.unine.ch\/index.php?rest_route=\/wp\/v2\/posts\/38462\/revisions\/38463"}],"wp:attachment":[{"href":"https:\/\/swissmig.unine.ch\/index.php?rest_route=%2Fwp%2Fv2%2Fmedia&parent=38462"}],"wp:term":[{"taxonomy":"category","embeddable":true,"href":"https:\/\/swissmig.unine.ch\/index.php?rest_route=%2Fwp%2Fv2%2Fcategories&post=38462"},{"taxonomy":"post_tag","embeddable":true,"href":"https:\/\/swissmig.unine.ch\/index.php?rest_route=%2Fwp%2Fv2%2Ftags&post=38462"}],"curies":[{"name":"wp","href":"https:\/\/api.w.org\/{rel}","templated":true}]}}