{"id":38460,"date":"2025-12-10T18:00:00","date_gmt":"2025-12-10T17:00:00","guid":{"rendered":"https:\/\/swissmig.unine.ch\/?p=38460"},"modified":"2025-12-10T17:15:15","modified_gmt":"2025-12-10T16:15:15","slug":"les-sans-papiers-en-suisse-entre-contradictions-et-conflits-dinterets","status":"publish","type":"post","link":"https:\/\/swissmig.unine.ch\/?p=38460","title":{"rendered":"Les sans-papiers en Suisse : entre contradictions et conflits d&#8217;int\u00e9r\u00eats"},"content":{"rendered":"\n<div class=\"wp-block-group\"><div class=\"wp-block-group__inner-container is-layout-constrained wp-block-group-is-layout-constrained\">\n<div class=\"wp-block-group is-vertical is-layout-flex wp-container-core-group-is-layout-8cf370e7 wp-block-group-is-layout-flex\">\n<h3 class=\"wp-block-heading\">Author(s): Office f\u00e9d\u00e9ral des r\u00e9fugi\u00e9s (ODR)<\/h3>\n\n\n\n<h3 class=\"wp-block-heading\">Source: <a href=\"https:\/\/www.sem.admin.ch\/dam\/sem\/fr\/data\/publiservice\/service\/forschung\/2004-sans-papiers-ch-widersprueche-interessenkonflikte.pdf.download.pdf\/2004-sans-papiers-ch-widersprueche-interessenkonflikte-f.pdf\" target=\"_blank\" rel=\"noreferrer noopener\">https:\/\/www.sem.admin.ch\/dam\/sem\/fr\/data\/publiservice\/service\/forschung\/2004-sans-papiers-ch-widersprueche-interessenkonflikte.pdf.download.pdf\/2004-sans-papiers-ch-widersprueche-interessenkonflikte-f.pdf<\/a><\/h3>\n<\/div>\n<\/div><\/div>\n\n\n\n<!--more-->\n\n\n\n<p><strong>Abstract<\/strong><\/p>\n\n\n\n<blockquote class=\"wp-block-quote is-layout-flow wp-block-quote-is-layout-flow\">\n<p>S&#8217;inscrivant dans le droit fil de la politique d&#8217;aust\u00e9rit\u00e9, les mesures r\u00e9cemment adopt\u00e9es par la Suisse en mati\u00e8re d&#8217;asile vont-elles cr\u00e9er une nouvelle g\u00e9n\u00e9ration de sans-papiers? Toujours plus restrictive, la politique d&#8217;asile et de migration a-t-elle pour corollaire la multiplication du nombre de personnes s\u00e9journant et travaillant en Suisse en situation irr\u00e9guli\u00e8re ?<br>Telles sont les questions qui ont \u00e9t\u00e9 soulev\u00e9es lors du d\u00e9bat parlementaire consacr\u00e9 au programme d&#8217;all\u00e8gement budg\u00e9taire 2003 (PAB03). Soucieux d&#8217;y r\u00e9pondre, Jean-Daniel Gerber, alors Directeur de l&#8217;Office f\u00e9d\u00e9ral des r\u00e9fugi\u00e9s (ODR), avait sugg\u00e9r\u00e9 de lancer une \u00e9tude sur les sans-papiers en Suisse pour faire le point, de fa\u00e7on \u00e0 pouvoir, par la suite, mesurer l&#8217;\u00e9volution de la situation. La d\u00e9cision d&#8217;exclure du r\u00e9gime de l&#8217;aide sociale les requ\u00e9rants d&#8217;asile frapp\u00e9s d&#8217;une d\u00e9cision de non-entr\u00e9e en mati\u00e8re \u00e0 compter du 1 er avril 2004 les fera-t-elle basculer dans l&#8217;irr\u00e9gularit\u00e9 ? Tombant dans la cat\u00e9gorie des sans-papiers, demeureront-ils en Suisse? Les cantons le pensent. Prenant ces craintes au s\u00e9rieux, l&#8217;ODR s&#8217;est employ\u00e9 \u00e0 d\u00e9gager les faits. Le but de la d\u00e9marche est de se donner les moyens d&#8217; \u00e9valuer le nombre de sans-papiers vivant en Suisse, mais aussi d&#8217;identifier leurs profils socio- d\u00e9mographiques, leur provenance et les secteurs dans lesquels ils travaillent.<\/p>\n<\/blockquote>\n","protected":false},"excerpt":{"rendered":"<p>Author(s): Office f\u00e9d\u00e9ral des r\u00e9fugi\u00e9s (ODR) Source: https:\/\/www.sem.admin.ch\/dam\/sem\/fr\/data\/publiservice\/service\/forschung\/2004-sans-papiers-ch-widersprueche-interessenkonflikte.pdf.download.pdf\/2004-sans-papiers-ch-widersprueche-interessenkonflikte-f.pdf<\/p>\n","protected":false},"author":3,"featured_media":0,"comment_status":"open","ping_status":"open","sticky":false,"template":"","format":"standard","meta":{"_kadence_starter_templates_imported_post":false,"_kad_post_transparent":"","_kad_post_title":"","_kad_post_layout":"","_kad_post_sidebar_id":"","_kad_post_content_style":"","_kad_post_vertical_padding":"","_kad_post_feature":"","_kad_post_feature_position":"","_kad_post_header":false,"_kad_post_footer":false,"_kad_post_classname":"","jetpack_post_was_ever_published":false,"_jetpack_newsletter_access":"","_jetpack_dont_email_post_to_subs":true,"_jetpack_newsletter_tier_id":0,"_jetpack_memberships_contains_paywalled_content":false,"_jetpack_memberships_contains_paid_content":false,"footnotes":""},"categories":[24],"tags":[85,49,50,52,294,464,249,91,279,262],"class_list":["post-38460","post","type-post","status-publish","format-standard","hentry","category-society-family-racism","tag-85","tag-asylum-policy","tag-asylum-seekers","tag-french-language","tag-irregular-migration","tag-nem-nee","tag-report","tag-social-integration","tag-socioeconomic-factors","tag-undocumented-immigrants"],"jetpack_featured_media_url":"","jetpack_sharing_enabled":true,"_links":{"self":[{"href":"https:\/\/swissmig.unine.ch\/index.php?rest_route=\/wp\/v2\/posts\/38460","targetHints":{"allow":["GET"]}}],"collection":[{"href":"https:\/\/swissmig.unine.ch\/index.php?rest_route=\/wp\/v2\/posts"}],"about":[{"href":"https:\/\/swissmig.unine.ch\/index.php?rest_route=\/wp\/v2\/types\/post"}],"author":[{"embeddable":true,"href":"https:\/\/swissmig.unine.ch\/index.php?rest_route=\/wp\/v2\/users\/3"}],"replies":[{"embeddable":true,"href":"https:\/\/swissmig.unine.ch\/index.php?rest_route=%2Fwp%2Fv2%2Fcomments&post=38460"}],"version-history":[{"count":1,"href":"https:\/\/swissmig.unine.ch\/index.php?rest_route=\/wp\/v2\/posts\/38460\/revisions"}],"predecessor-version":[{"id":38461,"href":"https:\/\/swissmig.unine.ch\/index.php?rest_route=\/wp\/v2\/posts\/38460\/revisions\/38461"}],"wp:attachment":[{"href":"https:\/\/swissmig.unine.ch\/index.php?rest_route=%2Fwp%2Fv2%2Fmedia&parent=38460"}],"wp:term":[{"taxonomy":"category","embeddable":true,"href":"https:\/\/swissmig.unine.ch\/index.php?rest_route=%2Fwp%2Fv2%2Fcategories&post=38460"},{"taxonomy":"post_tag","embeddable":true,"href":"https:\/\/swissmig.unine.ch\/index.php?rest_route=%2Fwp%2Fv2%2Ftags&post=38460"}],"curies":[{"name":"wp","href":"https:\/\/api.w.org\/{rel}","templated":true}]}}