{"id":38435,"date":"2025-12-29T08:00:00","date_gmt":"2025-12-29T07:00:00","guid":{"rendered":"https:\/\/swissmig.unine.ch\/?p=38435"},"modified":"2025-12-09T14:47:13","modified_gmt":"2025-12-09T13:47:13","slug":"antimuslimischen-rassismus-intersektional-bearbeiten-queer-feministische-ansatze-fur-eine-antirassistische-beratungspraxis","status":"publish","type":"post","link":"https:\/\/swissmig.unine.ch\/?p=38435","title":{"rendered":"Antimuslimischen Rassismus intersektional bearbeiten: Queer-feministische Ans\u00e4tze f\u00fcr eine antirassistische Beratungspraxis"},"content":{"rendered":"\n<div class=\"wp-block-group\"><div class=\"wp-block-group__inner-container is-layout-constrained wp-block-group-is-layout-constrained\">\n<div class=\"wp-block-group is-vertical is-layout-flex wp-container-core-group-is-layout-8cf370e7 wp-block-group-is-layout-flex\">\n<h3 class=\"wp-block-heading\">Author(s): Dshamilja Adeifio Gosteli, \u00dcmm\u00fc Selime T\u00fcre<\/h3>\n\n\n\n<h3 class=\"wp-block-heading\">Source: <a href=\"https:\/\/www.inlibra.com\/de\/document\/view\/pdf\/uuid\/18f1f9b1-d925-31b0-b2a3-bf0f193d054f\" data-type=\"link\" data-id=\"https:\/\/www.inlibra.com\/de\/document\/view\/pdf\/uuid\/18f1f9b1-d925-31b0-b2a3-bf0f193d054f\" target=\"_blank\" rel=\"noreferrer noopener\">https:\/\/www.inlibra.com\/de\/document\/view\/pdf\/uuid\/18f1f9b1-d925-31b0-b2a3-bf0f193d054f<\/a> <\/h3>\n<\/div>\n<\/div><\/div>\n\n\n\n<!--more-->\n\n\n\n<p><strong>No abstract<\/strong><\/p>\n\n\n\n<p><\/p>\n","protected":false},"excerpt":{"rendered":"<p>Author(s): Dshamilja Adeifio Gosteli, \u00dcmm\u00fc Selime T\u00fcre Source: https:\/\/www.inlibra.com\/de\/document\/view\/pdf\/uuid\/18f1f9b1-d925-31b0-b2a3-bf0f193d054f<\/p>\n","protected":false},"author":2,"featured_media":0,"comment_status":"open","ping_status":"open","sticky":false,"template":"","format":"standard","meta":{"_kadence_starter_templates_imported_post":false,"_kad_post_transparent":"","_kad_post_title":"","_kad_post_layout":"","_kad_post_sidebar_id":"","_kad_post_content_style":"","_kad_post_vertical_padding":"","_kad_post_feature":"","_kad_post_feature_position":"","_kad_post_header":false,"_kad_post_footer":false,"_kad_post_classname":"","jetpack_post_was_ever_published":false,"_jetpack_newsletter_access":"","_jetpack_dont_email_post_to_subs":false,"_jetpack_newsletter_tier_id":0,"_jetpack_memberships_contains_paywalled_content":false,"_jetpack_memberships_contains_paid_content":false,"footnotes":""},"categories":[24],"tags":[306,7,82,148,73,555,223,566,116,334,168,449,652,201],"class_list":["post-38435","post","type-post","status-publish","format-standard","hentry","category-society-family-racism","tag-306","tag-article","tag-ethnic-discrimination","tag-gender","tag-german-language","tag-intersectionality","tag-islam","tag-islamophobia","tag-muslims","tag-racism","tag-religious-practice","tag-sex-discrimination","tag-sexual-minorities","tag-women"],"jetpack_featured_media_url":"","jetpack_sharing_enabled":true,"_links":{"self":[{"href":"https:\/\/swissmig.unine.ch\/index.php?rest_route=\/wp\/v2\/posts\/38435","targetHints":{"allow":["GET"]}}],"collection":[{"href":"https:\/\/swissmig.unine.ch\/index.php?rest_route=\/wp\/v2\/posts"}],"about":[{"href":"https:\/\/swissmig.unine.ch\/index.php?rest_route=\/wp\/v2\/types\/post"}],"author":[{"embeddable":true,"href":"https:\/\/swissmig.unine.ch\/index.php?rest_route=\/wp\/v2\/users\/2"}],"replies":[{"embeddable":true,"href":"https:\/\/swissmig.unine.ch\/index.php?rest_route=%2Fwp%2Fv2%2Fcomments&post=38435"}],"version-history":[{"count":1,"href":"https:\/\/swissmig.unine.ch\/index.php?rest_route=\/wp\/v2\/posts\/38435\/revisions"}],"predecessor-version":[{"id":38436,"href":"https:\/\/swissmig.unine.ch\/index.php?rest_route=\/wp\/v2\/posts\/38435\/revisions\/38436"}],"wp:attachment":[{"href":"https:\/\/swissmig.unine.ch\/index.php?rest_route=%2Fwp%2Fv2%2Fmedia&parent=38435"}],"wp:term":[{"taxonomy":"category","embeddable":true,"href":"https:\/\/swissmig.unine.ch\/index.php?rest_route=%2Fwp%2Fv2%2Fcategories&post=38435"},{"taxonomy":"post_tag","embeddable":true,"href":"https:\/\/swissmig.unine.ch\/index.php?rest_route=%2Fwp%2Fv2%2Ftags&post=38435"}],"curies":[{"name":"wp","href":"https:\/\/api.w.org\/{rel}","templated":true}]}}