{"id":38429,"date":"2025-12-22T08:00:00","date_gmt":"2025-12-22T07:00:00","guid":{"rendered":"https:\/\/swissmig.unine.ch\/?p=38429"},"modified":"2025-12-09T14:33:55","modified_gmt":"2025-12-09T13:33:55","slug":"gesundheit-fur-alle-bericht-zu-gesundheitlichen-ungleichheiten-in-der-schweiz-la-sante-accessible-a-toutes-et-tous-rapport-sur-les-iniquites-en-matiere-de-sante-en-suisse","status":"publish","type":"post","link":"https:\/\/swissmig.unine.ch\/?p=38429","title":{"rendered":"Gesundheit \u2013 f\u00fcr alle? Bericht zu gesundheitlichen Ungleichheiten in der Schweiz \/ La sant\u00e9 accessible \u00e0 toutes et tous? Rapport sur les iniquit\u00e9s en mati\u00e8re de sant\u00e9 en Suisse"},"content":{"rendered":"\n<div class=\"wp-block-group\"><div class=\"wp-block-group__inner-container is-layout-constrained wp-block-group-is-layout-constrained\">\n<div class=\"wp-block-group is-vertical is-layout-flex wp-container-core-group-is-layout-8cf370e7 wp-block-group-is-layout-flex\">\n<h3 class=\"wp-block-heading\">Author(s): Laila Burla<\/h3>\n\n\n\n<h3 class=\"wp-block-heading\">Source: DE <a href=\"https:\/\/www.obsan.admin.ch\/sites\/default\/files\/2025-11\/obsan_10_2025_bericht.pdf%20\/\" target=\"_blank\" rel=\"noreferrer noopener\">https:\/\/www.obsan.admin.ch\/sites\/default\/files\/2025-11\/obsan_10_2025_bericht.pdf \/<\/a> FR <a href=\"https:\/\/www.obsan.admin.ch\/sites\/default\/files\/2025-11\/obsan_10_2025_rapport_0.pdf\" target=\"_blank\" rel=\"noreferrer noopener\">https:\/\/www.obsan.admin.ch\/sites\/default\/files\/2025-11\/obsan_10_2025_rapport_0.pdf<\/a> <\/h3>\n<\/div>\n<\/div><\/div>\n\n\n\n<!--more-->\n\n\n\n<p><strong>Abstract<\/strong><\/p>\n\n\n\n<blockquote class=\"wp-block-quote is-layout-flow wp-block-quote-is-layout-flow\">\n<p>Der Bericht im Auftrag des Bundesamts f\u00fcr Gesundheit gibt einen umfassenden \u00dcberblick \u00fcber gesundheitliche Ungleichheiten in der Schweiz. Er umfasst \u00fcber 30 Gesundheitsindikatoren und zeigt, wie sich diese nach sozialen Merkmalen unterscheiden (z. B. Geschlecht, Bildung, Einkommen, Migrationshintergrund). Zudem beleuchtet der Bericht Bev\u00f6lkerungsgruppen, wie Sans-Papiers oder wohnungslose Menschen, und macht so gesundheitliche Ungleichheiten in ihrer ganzen Bandbreite sichtbar.\u00a0<\/p>\n\n\n\n<p>Le rapport r\u00e9alis\u00e9 sur mandat de l&#8217;Office f\u00e9d\u00e9ral de la sant\u00e9 publique donne un aper\u00e7u complet des iniquit\u00e9s en sant\u00e9 en Suisse. Il comprend plus de 30 indicateurs de sant\u00e9 et montre comment ceux-ci varient en fonction de caract\u00e9ristiques sociales (p. ex. sexe, formation, revenu, contexte migratoire). De plus, le rapport met en lumi\u00e8re des groupes de population tels que les sans-papiers ou les personnes sans domicile fixe, et fait ainsi appara\u00eetre toute l\u2019\u00e9tendue des iniquit\u00e9s en mati\u00e8re de sant\u00e9.<\/p>\n<\/blockquote>\n","protected":false},"excerpt":{"rendered":"<p>Author(s): Laila Burla Source: DE https:\/\/www.obsan.admin.ch\/sites\/default\/files\/2025-11\/obsan_10_2025_bericht.pdf \/ FR https:\/\/www.obsan.admin.ch\/sites\/default\/files\/2025-11\/obsan_10_2025_rapport_0.pdf<\/p>\n","protected":false},"author":2,"featured_media":0,"comment_status":"open","ping_status":"open","sticky":false,"template":"","format":"standard","meta":{"_kadence_starter_templates_imported_post":false,"_kad_post_transparent":"","_kad_post_title":"","_kad_post_layout":"","_kad_post_sidebar_id":"","_kad_post_content_style":"","_kad_post_vertical_padding":"","_kad_post_feature":"","_kad_post_feature_position":"","_kad_post_header":false,"_kad_post_footer":false,"_kad_post_classname":"","jetpack_post_was_ever_published":false,"_jetpack_newsletter_access":"","_jetpack_dont_email_post_to_subs":false,"_jetpack_newsletter_tier_id":0,"_jetpack_memberships_contains_paywalled_content":false,"_jetpack_memberships_contains_paid_content":false,"footnotes":""},"categories":[59],"tags":[306,232,52,148,73,153,350,378,104,405,249,262,383],"class_list":["post-38429","post","type-post","status-publish","format-standard","hentry","category-health","tag-306","tag-education","tag-french-language","tag-gender","tag-german-language","tag-health","tag-health-inequalities","tag-housing","tag-living-conditions","tag-migratory-background","tag-report","tag-undocumented-immigrants","tag-wages"],"jetpack_featured_media_url":"","jetpack_sharing_enabled":true,"_links":{"self":[{"href":"https:\/\/swissmig.unine.ch\/index.php?rest_route=\/wp\/v2\/posts\/38429","targetHints":{"allow":["GET"]}}],"collection":[{"href":"https:\/\/swissmig.unine.ch\/index.php?rest_route=\/wp\/v2\/posts"}],"about":[{"href":"https:\/\/swissmig.unine.ch\/index.php?rest_route=\/wp\/v2\/types\/post"}],"author":[{"embeddable":true,"href":"https:\/\/swissmig.unine.ch\/index.php?rest_route=\/wp\/v2\/users\/2"}],"replies":[{"embeddable":true,"href":"https:\/\/swissmig.unine.ch\/index.php?rest_route=%2Fwp%2Fv2%2Fcomments&post=38429"}],"version-history":[{"count":1,"href":"https:\/\/swissmig.unine.ch\/index.php?rest_route=\/wp\/v2\/posts\/38429\/revisions"}],"predecessor-version":[{"id":38430,"href":"https:\/\/swissmig.unine.ch\/index.php?rest_route=\/wp\/v2\/posts\/38429\/revisions\/38430"}],"wp:attachment":[{"href":"https:\/\/swissmig.unine.ch\/index.php?rest_route=%2Fwp%2Fv2%2Fmedia&parent=38429"}],"wp:term":[{"taxonomy":"category","embeddable":true,"href":"https:\/\/swissmig.unine.ch\/index.php?rest_route=%2Fwp%2Fv2%2Fcategories&post=38429"},{"taxonomy":"post_tag","embeddable":true,"href":"https:\/\/swissmig.unine.ch\/index.php?rest_route=%2Fwp%2Fv2%2Ftags&post=38429"}],"curies":[{"name":"wp","href":"https:\/\/api.w.org\/{rel}","templated":true}]}}