{"id":38397,"date":"2025-12-10T08:00:00","date_gmt":"2025-12-10T07:00:00","guid":{"rendered":"https:\/\/swissmig.unine.ch\/?p=38397"},"modified":"2025-12-03T15:35:10","modified_gmt":"2025-12-03T14:35:10","slug":"die-wanderungen-der-schweizer-ein-historischer-uberblick","status":"publish","type":"post","link":"https:\/\/swissmig.unine.ch\/?p=38397","title":{"rendered":"Die Wanderungen der Schweizer: ein historischer \u00dcberblick"},"content":{"rendered":"\n<div class=\"wp-block-group\"><div class=\"wp-block-group__inner-container is-layout-constrained wp-block-group-is-layout-constrained\">\n<div class=\"wp-block-group is-vertical is-layout-flex wp-container-core-group-is-layout-8cf370e7 wp-block-group-is-layout-flex\">\n<h3 class=\"wp-block-heading\">Author(s): Leo Schelbert<\/h3>\n\n\n\n<h3 class=\"wp-block-heading\">Source: <a href=\"https:\/\/www.vr-elibrary.de\/doi\/pdf\/10.7788\/saeculum.1967.18.jg.403\" target=\"_blank\" rel=\"noreferrer noopener\">https:\/\/www.vr-elibrary.de\/doi\/pdf\/10.7788\/saeculum.1967.18.jg.403<\/a><\/h3>\n<\/div>\n<\/div><\/div>\n\n\n\n<!--more-->\n\n\n\n<p><strong>Abstract<\/strong><\/p>\n\n\n\n<blockquote class=\"wp-block-quote is-layout-flow wp-block-quote-is-layout-flow\">\n<p>Bis zum Beginn des 20. Jahrhunderts, an dem die industrielle Entwicklung das fr\u00fchere Verh\u00e4ltnis zwischen Rohstoffen, Produktivit\u00e4t und Verbrauchsbedarf grundlegend ver\u00e4ndert hatte, war die Schweiz ein \u201etypisches Geberland&#8221; f\u00fcr das verschiedene Formen der Auswanderung einen demographischen Hauptfaktor bildeten. Es gibt viele Untersuchungen \u00fcber spezielle Aspekte der schweizerischen Auswanderung, aber man hat nur selten versucht, die erreichbaren Daten zu einer kurzen, besdireibenden Synthese zusammenzustellen, die Natur, Richtung und demographische Bedeutung der verschiedenen schweizerischen Wanderungsmodelle aufzeigt. Solch ein Versuch, der sich mit den Hauptereignissen bis etwa 1920 befa\u00dft, wird hier vorgelegt. Die Untersuchung behandelt zun\u00e4chst jahreszeitlich bedingte oder tempor\u00e4re Wanderungsbewegungen der Schweizer, die in den milit\u00e4rischen (I) und den zivilen (II) Typ unterteilt sind; dann skizziert sie kurz die permanente schweizerische Auswanderung, insonfern sie zu Ansiedlungen in Europa (III), Latein-Amerika (IV) sowie in Nordamerika und Australien (V) f\u00fchrte.<\/p>\n<\/blockquote>\n","protected":false},"excerpt":{"rendered":"<p>Author(s): Leo Schelbert Source: https:\/\/www.vr-elibrary.de\/doi\/pdf\/10.7788\/saeculum.1967.18.jg.403<\/p>\n","protected":false},"author":3,"featured_media":0,"comment_status":"open","ping_status":"open","sticky":false,"template":"","format":"standard","meta":{"_kadence_starter_templates_imported_post":false,"_kad_post_transparent":"","_kad_post_title":"","_kad_post_layout":"","_kad_post_sidebar_id":"","_kad_post_content_style":"","_kad_post_vertical_padding":"","_kad_post_feature":"","_kad_post_feature_position":"","_kad_post_header":false,"_kad_post_footer":false,"_kad_post_classname":"","jetpack_post_was_ever_published":false,"_jetpack_newsletter_access":"","_jetpack_dont_email_post_to_subs":true,"_jetpack_newsletter_tier_id":0,"_jetpack_memberships_contains_paywalled_content":false,"_jetpack_memberships_contains_paid_content":false,"footnotes":""},"categories":[277],"tags":[848,457,7,191,137,58,73,87,743,220,279,143,245],"class_list":["post-38397","post","type-post","status-publish","format-standard","hentry","category-demography-statistics","tag-848","tag-americas","tag-article","tag-demography","tag-emigration","tag-europe","tag-german-language","tag-history","tag-latin-america","tag-seasonal-workers","tag-socioeconomic-factors","tag-statistical-data","tag-temporary-migration"],"jetpack_featured_media_url":"","jetpack_sharing_enabled":true,"_links":{"self":[{"href":"https:\/\/swissmig.unine.ch\/index.php?rest_route=\/wp\/v2\/posts\/38397","targetHints":{"allow":["GET"]}}],"collection":[{"href":"https:\/\/swissmig.unine.ch\/index.php?rest_route=\/wp\/v2\/posts"}],"about":[{"href":"https:\/\/swissmig.unine.ch\/index.php?rest_route=\/wp\/v2\/types\/post"}],"author":[{"embeddable":true,"href":"https:\/\/swissmig.unine.ch\/index.php?rest_route=\/wp\/v2\/users\/3"}],"replies":[{"embeddable":true,"href":"https:\/\/swissmig.unine.ch\/index.php?rest_route=%2Fwp%2Fv2%2Fcomments&post=38397"}],"version-history":[{"count":1,"href":"https:\/\/swissmig.unine.ch\/index.php?rest_route=\/wp\/v2\/posts\/38397\/revisions"}],"predecessor-version":[{"id":38398,"href":"https:\/\/swissmig.unine.ch\/index.php?rest_route=\/wp\/v2\/posts\/38397\/revisions\/38398"}],"wp:attachment":[{"href":"https:\/\/swissmig.unine.ch\/index.php?rest_route=%2Fwp%2Fv2%2Fmedia&parent=38397"}],"wp:term":[{"taxonomy":"category","embeddable":true,"href":"https:\/\/swissmig.unine.ch\/index.php?rest_route=%2Fwp%2Fv2%2Fcategories&post=38397"},{"taxonomy":"post_tag","embeddable":true,"href":"https:\/\/swissmig.unine.ch\/index.php?rest_route=%2Fwp%2Fv2%2Ftags&post=38397"}],"curies":[{"name":"wp","href":"https:\/\/api.w.org\/{rel}","templated":true}]}}