{"id":38393,"date":"2025-12-10T08:00:00","date_gmt":"2025-12-10T07:00:00","guid":{"rendered":"https:\/\/swissmig.unine.ch\/?p=38393"},"modified":"2025-12-03T11:46:20","modified_gmt":"2025-12-03T10:46:20","slug":"les-suisses-et-loutre-mer-les-reactions-a-lemigration-aux-xixe-et-xxe-siecles","status":"publish","type":"post","link":"https:\/\/swissmig.unine.ch\/?p=38393","title":{"rendered":"Les suisses et l\u2019Outre-mer : les r\u00e9actions \u00e0 l\u2019\u00e9migration aux XIXe et XXe si\u00e8cles"},"content":{"rendered":"\n<div class=\"wp-block-group\"><div class=\"wp-block-group__inner-container is-layout-constrained wp-block-group-is-layout-constrained\">\n<div class=\"wp-block-group is-vertical is-layout-flex wp-container-core-group-is-layout-8cf370e7 wp-block-group-is-layout-flex\">\n<h3 class=\"wp-block-heading\">Author(s): Anne Rothenb\u00fchler<\/h3>\n\n\n\n<h3 class=\"wp-block-heading\">Source: <a href=\"https:\/\/www.persee.fr\/doc\/acths_1764-7355_2012_act_133_6_10417\" target=\"_blank\" rel=\"noreferrer noopener\">https:\/\/www.persee.fr\/doc\/acths_1764-7355_2012_act_133_6_10417<\/a><\/h3>\n<\/div>\n<\/div><\/div>\n\n\n\n<!--more-->\n\n\n\n<p><strong>Abstract<\/strong><\/p>\n\n\n\n<blockquote class=\"wp-block-quote is-layout-flow wp-block-quote-is-layout-flow\">\n<p>L\u2019immigration suisse est m\u00e9connue du grand public pour deux raisons\u00a0: la r\u00e9putation de richesse qu\u2019a ce pays et la discr\u00e9tion dont font preuve les migrants. Pourtant, le ph\u00e9nom\u00e8ne est ancien et, proportionnellement au nombre d\u2019habitants du pays, important. L\u2019historiographie actuelle pousse l\u2019historien a travailler non seulement sur le pays d\u2019arriv\u00e9e mais \u00e9galement sur le pays de d\u00e9part. C\u2019est l\u2019ambition de cet article qui a pour but d\u2019\u00e9clairer l\u2019\u00e9migration helv\u00e9tique en Am\u00e9rique par le biais de la politique des diverses autorit\u00e9s du pays de d\u00e9part. En analysant le r\u00f4le des diff\u00e9rents acteurs, il est possible de mettre en lumi\u00e8re les caract\u00e9ristiques de cette communaut\u00e9 suisse et des liens qu\u2019elle entretient avec la terre natale. Gr\u00e2ce \u00e0 une \u00e9volution subtile des autorit\u00e9s, l\u2019\u00e9migration est devenue un enjeu majeur et l\u2019\u00c9tat, qui ignore d\u2019abord le ph\u00e9nom\u00e8ne au nom des pr\u00e9ceptes lib\u00e9raux, cherche peu \u00e0 peu \u00e0 exercer un contr\u00f4le qui se veut discret.<\/p>\n<\/blockquote>\n","protected":false},"excerpt":{"rendered":"<p>Author(s): Anne Rothenb\u00fchler Source: https:\/\/www.persee.fr\/doc\/acths_1764-7355_2012_act_133_6_10417<\/p>\n","protected":false},"author":3,"featured_media":0,"comment_status":"open","ping_status":"open","sticky":false,"template":"","format":"standard","meta":{"_kadence_starter_templates_imported_post":false,"_kad_post_transparent":"","_kad_post_title":"","_kad_post_layout":"","_kad_post_sidebar_id":"","_kad_post_content_style":"","_kad_post_vertical_padding":"","_kad_post_feature":"","_kad_post_feature_position":"","_kad_post_header":false,"_kad_post_footer":false,"_kad_post_classname":"","jetpack_post_was_ever_published":false,"_jetpack_newsletter_access":"","_jetpack_dont_email_post_to_subs":true,"_jetpack_newsletter_tier_id":0,"_jetpack_memberships_contains_paywalled_content":false,"_jetpack_memberships_contains_paid_content":false,"footnotes":""},"categories":[35],"tags":[255,457,37,273,38,136,137,52,138,36,113,242,26],"class_list":["post-38393","post","type-post","status-publish","format-standard","hentry","category-history","tag-255","tag-americas","tag-attitudes-towards-migrants","tag-cantons","tag-conference-paper","tag-diasporas","tag-emigration","tag-french-language","tag-migration-motives","tag-migration-policy","tag-public-administration","tag-push-and-pull-factors","tag-transnationalism"],"jetpack_featured_media_url":"","jetpack_sharing_enabled":true,"_links":{"self":[{"href":"https:\/\/swissmig.unine.ch\/index.php?rest_route=\/wp\/v2\/posts\/38393","targetHints":{"allow":["GET"]}}],"collection":[{"href":"https:\/\/swissmig.unine.ch\/index.php?rest_route=\/wp\/v2\/posts"}],"about":[{"href":"https:\/\/swissmig.unine.ch\/index.php?rest_route=\/wp\/v2\/types\/post"}],"author":[{"embeddable":true,"href":"https:\/\/swissmig.unine.ch\/index.php?rest_route=\/wp\/v2\/users\/3"}],"replies":[{"embeddable":true,"href":"https:\/\/swissmig.unine.ch\/index.php?rest_route=%2Fwp%2Fv2%2Fcomments&post=38393"}],"version-history":[{"count":1,"href":"https:\/\/swissmig.unine.ch\/index.php?rest_route=\/wp\/v2\/posts\/38393\/revisions"}],"predecessor-version":[{"id":38394,"href":"https:\/\/swissmig.unine.ch\/index.php?rest_route=\/wp\/v2\/posts\/38393\/revisions\/38394"}],"wp:attachment":[{"href":"https:\/\/swissmig.unine.ch\/index.php?rest_route=%2Fwp%2Fv2%2Fmedia&parent=38393"}],"wp:term":[{"taxonomy":"category","embeddable":true,"href":"https:\/\/swissmig.unine.ch\/index.php?rest_route=%2Fwp%2Fv2%2Fcategories&post=38393"},{"taxonomy":"post_tag","embeddable":true,"href":"https:\/\/swissmig.unine.ch\/index.php?rest_route=%2Fwp%2Fv2%2Ftags&post=38393"}],"curies":[{"name":"wp","href":"https:\/\/api.w.org\/{rel}","templated":true}]}}