{"id":38389,"date":"2025-12-15T08:00:00","date_gmt":"2025-12-15T07:00:00","guid":{"rendered":"https:\/\/swissmig.unine.ch\/?p=38389"},"modified":"2025-12-02T16:23:36","modified_gmt":"2025-12-02T15:23:36","slug":"immigration-salience-and-double-standards-differential-impacts-on-prejudice-and-far-right-support-between-ukrainian-refugees-and-other-immigrant-groups-la-saliencia-de-la-inmigracion-y-los-dobles-e","status":"publish","type":"post","link":"https:\/\/swissmig.unine.ch\/?p=38389","title":{"rendered":"Immigration salience and double standards: differential impacts on prejudice and far-right support between Ukrainian refugees and other immigrant groups \/ La saliencia de la inmigraci\u00f3n y los dobles est\u00e1ndares: impactos diferenciales en los prejuicios y el apoyo a la extrema derecha entre los refugiados ucranianos y otros grupos de inmigrantes"},"content":{"rendered":"\n<div class=\"wp-block-group\"><div class=\"wp-block-group__inner-container is-layout-constrained wp-block-group-is-layout-constrained\">\n<div class=\"wp-block-group is-vertical is-layout-flex wp-container-core-group-is-layout-8cf370e7 wp-block-group-is-layout-flex\">\n<h3 class=\"wp-block-heading\">Author(s): Matthieu V\u00e9tois, Eva G. T. Green, Juan M. Falomir-Pichastor<\/h3>\n\n\n\n<h3 class=\"wp-block-heading\">Source: <a href=\"https:\/\/doi.org\/10.1177\/02134748251351430\" target=\"_blank\" rel=\"noreferrer noopener\">https:\/\/doi.org\/10.1177\/02134748251351430<\/a><\/h3>\n<\/div>\n<\/div><\/div>\n\n\n\n<!--more-->\n\n\n\n<p><strong>Abstract<\/strong><\/p>\n\n\n\n<blockquote class=\"wp-block-quote is-layout-flow wp-block-quote-is-layout-flow\">\n<p>This research examined whether highlighting immigration as a major societal issue increases anti-immigrant prejudice and far-right support, particularly among social conservatives. We also explored whether this effect would be weaker when salience involves immigrant groups that are normatively protected, such as Ukrainian refugees, compared to other groups. Across two studies conducted in Switzerland (<em>N<\/em>\u2009=\u2009439) and France (<em>N<\/em>\u2009=\u2009382), participants were randomly assigned to either a control or a salience condition in which immigration was framed as a major societal issue. Participants then recalled immigration-related news, allowing for a comparison between salience attributed to Ukrainian refugees versus other immigrant groups. Results showed that immigration salience did not increase prejudice or far-right support when focused on Ukrainian refugees. However, when salience was associated with other immigrant groups, it significantly increased anti-immigrant prejudice and far-right support, especially among social conservatives. These findings suggest that immigration salience can increase double standards in attitudes towards immigrants, with negative effects mitigated when attention is directed towards normatively protected groups.<\/p>\n\n\n\n<p>Esta investigaci\u00f3n examin\u00f3 si destacar la inmigraci\u00f3n como un tema social importante aumenta los prejuicios contra los inmigrantes y el apoyo a la extrema derecha, especialmente entre los conservadores sociales. Tambi\u00e9n exploramos si este efecto depende de un doble est\u00e1ndar, seg\u00fan el cual ser\u00eda m\u00e1s d\u00e9bil cuando la saliencia involucra a grupos de inmigrantes que est\u00e1n normativamente protegidos, como los refugiados ucranianos, en comparaci\u00f3n con otros grupos. En dos estudios realizados en Suiza (<em>N<\/em>\u2009=\u2009439) y Francia (<em>N<\/em>\u2009=\u2009382), los participantes fueron asignados aleatoriamente a una condici\u00f3n de control o a una condici\u00f3n de saliencia en la que la inmigraci\u00f3n se presentaba como un tema social relevante. Luego, los participantes recordaron noticias relacionadas con la inmigraci\u00f3n, lo que permiti\u00f3 comparar la saliencia atribuida a los refugiados ucranianos frente a otros grupos de inmigrantes. Los resultados mostraron que la saliencia de la inmigraci\u00f3n no aument\u00f3 los prejuicios ni el apoyo a la extrema derecha cuando se centraba en los refugiados ucranianos. Sin embargo, cuando la saliencia se asociaba con otros grupos de inmigrantes, aument\u00f3 significativamente el prejuicio y el apoyo a la extrema derecha, especialmente entre los conservadores sociales. Estos hallazgos sugieren que la saliencia de la inmigraci\u00f3n puede incrementar los dobles est\u00e1ndares en las actitudes hacia los inmigrantes, aunque sus efectos negativos se reducen cuando la atenci\u00f3n se dirige a grupos protegidos normativamente.<\/p>\n<\/blockquote>\n","protected":false},"excerpt":{"rendered":"<p>Author(s): Matthieu V\u00e9tois, Eva G. T. Green, Juan M. Falomir-Pichastor&#8230;<\/p>\n","protected":false},"author":3,"featured_media":0,"comment_status":"open","ping_status":"open","sticky":false,"template":"","format":"standard","meta":{"_kadence_starter_templates_imported_post":false,"_kad_post_transparent":"","_kad_post_title":"","_kad_post_layout":"","_kad_post_sidebar_id":"","_kad_post_content_style":"","_kad_post_vertical_padding":"","_kad_post_feature":"","_kad_post_feature_position":"","_kad_post_header":false,"_kad_post_footer":false,"_kad_post_classname":"","jetpack_post_was_ever_published":false,"_jetpack_newsletter_access":"","_jetpack_dont_email_post_to_subs":false,"_jetpack_newsletter_tier_id":0,"_jetpack_memberships_contains_paywalled_content":false,"_jetpack_memberships_contains_paid_content":false,"footnotes":""},"categories":[24],"tags":[306,7,37,57,9,82,197,667,254,647],"class_list":["post-38389","post","type-post","status-publish","format-standard","hentry","category-society-family-racism","tag-306","tag-article","tag-attitudes-towards-migrants","tag-comparative-analysis","tag-english-language","tag-ethnic-discrimination","tag-france","tag-prejudice","tag-right-wing-radicalism","tag-ukrainians"],"jetpack_featured_media_url":"","jetpack_sharing_enabled":true,"_links":{"self":[{"href":"https:\/\/swissmig.unine.ch\/index.php?rest_route=\/wp\/v2\/posts\/38389","targetHints":{"allow":["GET"]}}],"collection":[{"href":"https:\/\/swissmig.unine.ch\/index.php?rest_route=\/wp\/v2\/posts"}],"about":[{"href":"https:\/\/swissmig.unine.ch\/index.php?rest_route=\/wp\/v2\/types\/post"}],"author":[{"embeddable":true,"href":"https:\/\/swissmig.unine.ch\/index.php?rest_route=\/wp\/v2\/users\/3"}],"replies":[{"embeddable":true,"href":"https:\/\/swissmig.unine.ch\/index.php?rest_route=%2Fwp%2Fv2%2Fcomments&post=38389"}],"version-history":[{"count":1,"href":"https:\/\/swissmig.unine.ch\/index.php?rest_route=\/wp\/v2\/posts\/38389\/revisions"}],"predecessor-version":[{"id":38390,"href":"https:\/\/swissmig.unine.ch\/index.php?rest_route=\/wp\/v2\/posts\/38389\/revisions\/38390"}],"wp:attachment":[{"href":"https:\/\/swissmig.unine.ch\/index.php?rest_route=%2Fwp%2Fv2%2Fmedia&parent=38389"}],"wp:term":[{"taxonomy":"category","embeddable":true,"href":"https:\/\/swissmig.unine.ch\/index.php?rest_route=%2Fwp%2Fv2%2Fcategories&post=38389"},{"taxonomy":"post_tag","embeddable":true,"href":"https:\/\/swissmig.unine.ch\/index.php?rest_route=%2Fwp%2Fv2%2Ftags&post=38389"}],"curies":[{"name":"wp","href":"https:\/\/api.w.org\/{rel}","templated":true}]}}