{"id":38369,"date":"2025-12-02T18:00:00","date_gmt":"2025-12-02T17:00:00","guid":{"rendered":"https:\/\/swissmig.unine.ch\/?p=38369"},"modified":"2025-12-02T12:02:27","modified_gmt":"2025-12-02T11:02:27","slug":"lokale-politik-der-eingliederung-der-migrationsbevolkerung-in-der-schweiz-zwischen-pragmatismus-und-populismus","status":"publish","type":"post","link":"https:\/\/swissmig.unine.ch\/?p=38369","title":{"rendered":"Lokale Politik der Eingliederung der Migrationsbev\u00f6lkerung in der Schweiz &#8211; Zwischen Pragmatismus und Populismus"},"content":{"rendered":"\n<div class=\"wp-block-group\"><div class=\"wp-block-group__inner-container is-layout-constrained wp-block-group-is-layout-constrained\">\n<div class=\"wp-block-group is-vertical is-layout-flex wp-container-core-group-is-layout-8cf370e7 wp-block-group-is-layout-flex\">\n<h3 class=\"wp-block-heading\">Author(s): Sandro Cattacin, Milena Chimienti<\/h3>\n\n\n\n<h3 class=\"wp-block-heading\">Source: <a href=\"https:\/\/archive-ouverte.unige.ch\/unige:40946\" target=\"_blank\" rel=\"noreferrer noopener\">https:\/\/archive-ouverte.unige.ch\/unige:40946<\/a><\/h3>\n<\/div>\n<\/div><\/div>\n\n\n\n<!--more-->\n\n\n\n<p><strong>Abstract<\/strong><\/p>\n\n\n\n<blockquote class=\"wp-block-quote is-layout-flow wp-block-quote-is-layout-flow\">\n<p>Die Schweiz ist eine Einwanderungsgesellschaft. So sehen es die meisten wissenschaftlichen Beobachter des Landes, nicht jedoch die Politik. Seit 150 Jahren sind viele Menschen in die Schweiz immigriert und haben damit den Wechsel von einem Negativsaldo der Migration zu einem positiven Saldo bewirkten. Aber auch damit, dass die Lebensl\u00fcge einer provisorischen Migration seit der ersten Gesetzgebung von 1931 vor allem von den f\u00fchrenden Politikerinnen und Politiker auf Bundesebene gepflegt wurde. Mit dieser Einsch\u00e4tzung wird bereits das Feld politischen Handelns vorbestimmt, das auch in diesem Text als Grundorientierung dient: Auf Bundesebene wird vor allem symbolische Politik betrieben, w\u00e4hrend die lokale Ebene wohl oder \u00fcbel sich mit Eingliederungsfragen problemorientiert auseinandersetzt. Bevor wir konkret auf die lokalen Eingliederungspolitiken eingehen, sollen kurz einige Fakten zur Entwicklung der generellen Politik in diesem Bereich und der Zusammensetzung der Migrationsbev\u00f6lkerung vorgestellt werden. Anschlie\u00dfend werden wir auf die Entwicklung der lokalen Politik der Eingliederung eingehen und das Zusammenspiel mit der Bundespolitik er\u00f6rtern. Konkret werden wir die Hypothese ausf\u00fchren, dass sich die lokale Politik der Eingliederung in einem national gesteuerten Umfeld der Migrationspolitik zur st\u00e4dtischen Politik der F\u00f6rderung eines f\u00fcr Differenzen sensiblen Rahmens in einer post-nationalen Konstellation entwickelt hat.<\/p>\n\n\n\n<p><strong>Keywords<\/strong>: Urban Studies, Immigration, Integration, Europe, Migration<\/p>\n<\/blockquote>\n","protected":false},"excerpt":{"rendered":"<p>Author(s): Sandro Cattacin, Milena Chimienti Source: https:\/\/archive-ouverte.unige.ch\/unige:40946<\/p>\n","protected":false},"author":3,"featured_media":0,"comment_status":"open","ping_status":"open","sticky":false,"template":"","format":"standard","meta":{"_kadence_starter_templates_imported_post":false,"_kad_post_transparent":"","_kad_post_title":"","_kad_post_layout":"","_kad_post_sidebar_id":"","_kad_post_content_style":"","_kad_post_vertical_padding":"","_kad_post_feature":"","_kad_post_feature_position":"","_kad_post_header":false,"_kad_post_footer":false,"_kad_post_classname":"","jetpack_post_was_ever_published":false,"_jetpack_newsletter_access":"","_jetpack_dont_email_post_to_subs":true,"_jetpack_newsletter_tier_id":0,"_jetpack_memberships_contains_paywalled_content":false,"_jetpack_memberships_contains_paid_content":false,"footnotes":""},"categories":[12],"tags":[414,32,191,58,73,87,387,36,376],"class_list":["post-38369","post","type-post","status-publish","format-standard","hentry","category-politics","tag-414","tag-book-chapter","tag-demography","tag-europe","tag-german-language","tag-history","tag-integration-policy","tag-migration-policy","tag-urban-areas"],"jetpack_featured_media_url":"","jetpack_sharing_enabled":true,"_links":{"self":[{"href":"https:\/\/swissmig.unine.ch\/index.php?rest_route=\/wp\/v2\/posts\/38369","targetHints":{"allow":["GET"]}}],"collection":[{"href":"https:\/\/swissmig.unine.ch\/index.php?rest_route=\/wp\/v2\/posts"}],"about":[{"href":"https:\/\/swissmig.unine.ch\/index.php?rest_route=\/wp\/v2\/types\/post"}],"author":[{"embeddable":true,"href":"https:\/\/swissmig.unine.ch\/index.php?rest_route=\/wp\/v2\/users\/3"}],"replies":[{"embeddable":true,"href":"https:\/\/swissmig.unine.ch\/index.php?rest_route=%2Fwp%2Fv2%2Fcomments&post=38369"}],"version-history":[{"count":1,"href":"https:\/\/swissmig.unine.ch\/index.php?rest_route=\/wp\/v2\/posts\/38369\/revisions"}],"predecessor-version":[{"id":38370,"href":"https:\/\/swissmig.unine.ch\/index.php?rest_route=\/wp\/v2\/posts\/38369\/revisions\/38370"}],"wp:attachment":[{"href":"https:\/\/swissmig.unine.ch\/index.php?rest_route=%2Fwp%2Fv2%2Fmedia&parent=38369"}],"wp:term":[{"taxonomy":"category","embeddable":true,"href":"https:\/\/swissmig.unine.ch\/index.php?rest_route=%2Fwp%2Fv2%2Fcategories&post=38369"},{"taxonomy":"post_tag","embeddable":true,"href":"https:\/\/swissmig.unine.ch\/index.php?rest_route=%2Fwp%2Fv2%2Ftags&post=38369"}],"curies":[{"name":"wp","href":"https:\/\/api.w.org\/{rel}","templated":true}]}}