{"id":38365,"date":"2025-12-15T08:00:00","date_gmt":"2025-12-15T07:00:00","guid":{"rendered":"https:\/\/swissmig.unine.ch\/?p=38365"},"modified":"2025-12-01T16:03:25","modified_gmt":"2025-12-01T15:03:25","slug":"is-intergroup-contact-desired-by-migrants-the-case-of-unaccompanied-minors-in-switzerland","status":"publish","type":"post","link":"https:\/\/swissmig.unine.ch\/?p=38365","title":{"rendered":"Is Intergroup Contact Desired by Migrants? The Case of Unaccompanied Minors in Switzerland"},"content":{"rendered":"\n<div class=\"wp-block-group\"><div class=\"wp-block-group__inner-container is-layout-constrained wp-block-group-is-layout-constrained\">\n<div class=\"wp-block-group is-vertical is-layout-flex wp-container-core-group-is-layout-8cf370e7 wp-block-group-is-layout-flex\">\n<h3 class=\"wp-block-heading\">Author(s): Rachel Fasel, Sylvain Rey, Ana\u00efs Burkhart, Margareta Jelic, Dinka \u010corkalo Biru\u0161ki, Nikolina Stankovi\u0107, Antonija Vrdoljak, Solenne Decollogny, Ana Domingues-Mendon\u00e7a, Aur\u00e9lie Faivre, Baptiste Jobin, Floriane Petit, Margaux Romerio, Garance Rothenbuehler, Laure-Anne Russo, Ana Valle, Yordanos Teklu, Kaspar Burger, Isabelle Csupor, Fr\u00e9deric Darbellay, N&#8217;Dri Paul Konan, Fabrizio Butera <\/h3>\n\n\n\n<h3 class=\"wp-block-heading\">Source: <a href=\"https:\/\/doi.org\/10.1002\/casp.70100\" target=\"_blank\" rel=\"noreferrer noopener\">https:\/\/doi.org\/10.1002\/casp.70100<\/a> <\/h3>\n<\/div>\n<\/div><\/div>\n\n\n\n<!--more-->\n\n\n\n<p><strong>Abstract<\/strong><\/p>\n\n\n\n<blockquote class=\"wp-block-quote is-layout-flow wp-block-quote-is-layout-flow\">\n<p>Intergroup contact has been shown to reduce prejudice and promote positive relationships between members of different groups, as in the case of the integration of migrants. Nevertheless, extant research has not explored the crucial question of whether members of the migrant group express a desire for contact with the host group. To explore this question, we collected and collated a rare set of data to create a substantial corpus of semi-structured interviews conducted with a specific migrant group, namely unaccompanied minors (UAMs) residing in Switzerland (<em>N<\/em>\u2009=\u200949). Qualitative analysis revealed UAMs&#8217; strong desire for intergroup contact. We identified four reasons for this desire for contact: bonding, support, knowledge and identity enhancement; and five barriers to contact: language, intercultural differences, network impermeability, mismatch and individual characteristics. These dimensions are discussed as avenues that may help facilitate the emergence of intergroup contact, contact whose positive potential is known.<\/p>\n\n\n\n<p><strong>Keywords<\/strong>: desired contact, integration, intergroup contact, thematic analysis, unaccompanied minors<\/p>\n<\/blockquote>\n","protected":false},"excerpt":{"rendered":"<p>Author(s): Rachel Fasel, Sylvain Rey, Ana\u00efs Burkhart, Margareta Jelic, Dinka&#8230;<\/p>\n","protected":false},"author":3,"featured_media":0,"comment_status":"open","ping_status":"open","sticky":false,"template":"","format":"standard","meta":{"_kadence_starter_templates_imported_post":false,"_kad_post_transparent":"","_kad_post_title":"","_kad_post_layout":"","_kad_post_sidebar_id":"","_kad_post_content_style":"","_kad_post_vertical_padding":"","_kad_post_feature":"","_kad_post_feature_position":"","_kad_post_header":false,"_kad_post_footer":false,"_kad_post_classname":"","jetpack_post_was_ever_published":false,"_jetpack_newsletter_access":"","_jetpack_dont_email_post_to_subs":false,"_jetpack_newsletter_tier_id":0,"_jetpack_memberships_contains_paywalled_content":false,"_jetpack_memberships_contains_paid_content":false,"footnotes":""},"categories":[24],"tags":[306,7,50,318,173,409,120,9,88,178,236,200,91,64],"class_list":["post-38365","post","type-post","status-publish","format-standard","hentry","category-society-family-racism","tag-306","tag-article","tag-asylum-seekers","tag-children","tag-cross-cultural-communication","tag-cultural-diversity","tag-data-analysis","tag-english-language","tag-intercultural-relations","tag-interethnic-relations","tag-language-barriers","tag-qualitative-approach","tag-social-integration","tag-unaccompanied-minors"],"jetpack_featured_media_url":"","jetpack_sharing_enabled":true,"_links":{"self":[{"href":"https:\/\/swissmig.unine.ch\/index.php?rest_route=\/wp\/v2\/posts\/38365","targetHints":{"allow":["GET"]}}],"collection":[{"href":"https:\/\/swissmig.unine.ch\/index.php?rest_route=\/wp\/v2\/posts"}],"about":[{"href":"https:\/\/swissmig.unine.ch\/index.php?rest_route=\/wp\/v2\/types\/post"}],"author":[{"embeddable":true,"href":"https:\/\/swissmig.unine.ch\/index.php?rest_route=\/wp\/v2\/users\/3"}],"replies":[{"embeddable":true,"href":"https:\/\/swissmig.unine.ch\/index.php?rest_route=%2Fwp%2Fv2%2Fcomments&post=38365"}],"version-history":[{"count":1,"href":"https:\/\/swissmig.unine.ch\/index.php?rest_route=\/wp\/v2\/posts\/38365\/revisions"}],"predecessor-version":[{"id":38366,"href":"https:\/\/swissmig.unine.ch\/index.php?rest_route=\/wp\/v2\/posts\/38365\/revisions\/38366"}],"wp:attachment":[{"href":"https:\/\/swissmig.unine.ch\/index.php?rest_route=%2Fwp%2Fv2%2Fmedia&parent=38365"}],"wp:term":[{"taxonomy":"category","embeddable":true,"href":"https:\/\/swissmig.unine.ch\/index.php?rest_route=%2Fwp%2Fv2%2Fcategories&post=38365"},{"taxonomy":"post_tag","embeddable":true,"href":"https:\/\/swissmig.unine.ch\/index.php?rest_route=%2Fwp%2Fv2%2Ftags&post=38365"}],"curies":[{"name":"wp","href":"https:\/\/api.w.org\/{rel}","templated":true}]}}