{"id":38363,"date":"2025-12-08T08:00:00","date_gmt":"2025-12-08T07:00:00","guid":{"rendered":"https:\/\/swissmig.unine.ch\/?p=38363"},"modified":"2025-12-01T13:43:54","modified_gmt":"2025-12-01T12:43:54","slug":"loubli-des-discriminations-une-socio-histoire-des-ambivalences-du-droit-antiraciste-suisse","status":"publish","type":"post","link":"https:\/\/swissmig.unine.ch\/?p=38363","title":{"rendered":"L\u2019oubli des discriminations : une socio-histoire des ambivalences du droit antiraciste suisse"},"content":{"rendered":"\n<div class=\"wp-block-group\"><div class=\"wp-block-group__inner-container is-layout-constrained wp-block-group-is-layout-constrained\">\n<div class=\"wp-block-group is-vertical is-layout-flex wp-container-core-group-is-layout-8cf370e7 wp-block-group-is-layout-flex\">\n<h3 class=\"wp-block-heading\">Author(s): Matthieu Thomas, Anne-Laurence Graf, Marta Roca i Escoda, Ga\u00eble Goastellec, V\u00e9ronique Boillet<\/h3>\n\n\n\n<h3 class=\"wp-block-heading\">Source: <a href=\"https:\/\/doi.org\/10.3917\/drs1.120.0343\" target=\"_blank\" rel=\"noreferrer noopener\">https:\/\/doi.org\/10.3917\/drs1.120.0343<\/a><\/h3>\n<\/div>\n<\/div><\/div>\n\n\n\n<!--more-->\n\n\n\n<p><strong>Abstract<\/strong><\/p>\n\n\n\n<blockquote class=\"wp-block-quote is-layout-flow wp-block-quote-is-layout-flow\">\n<p>Cet article retrace la construction suisse de la lutte contre le racisme depuis\u00a01965. En combinant analyses juridique et sociologique, et en s\u2019appuyant sur des archives, dossiers judiciaires, rapports institutionnels et entretiens, il montre que l\u2019action publique s\u2019est cristallis\u00e9e dans le droit p\u00e9nal avec l\u2019adoption de l\u2019art.\u00a0261bis CP, en\u00a01994, pour permettre la ratification de la Convention internationale sur l\u2019\u00e9limination de toutes les formes de discrimination raciale (CERD). Ce choix, guid\u00e9 par une compr\u00e9hension du probl\u00e8me du racisme centr\u00e9e sur la peur d\u2019un discours haineux, se concentre sur la parole publique et n\u00e9glige la majorit\u00e9 des discriminations. L\u2019article cartographie les impasses probatoires, le primat de la libert\u00e9 contractuelle et la port\u00e9e symbolique des sanctions, puis analyse les r\u00e9formes avort\u00e9es des ann\u00e9es\u00a02000. Il met en lumi\u00e8re le d\u00e9calage entre la prise de conscience sociale du racisme et un arsenal l\u00e9gal qui peine \u00e0 saisir les discriminations ordinaires.<\/p>\n<\/blockquote>\n","protected":false},"excerpt":{"rendered":"<p>Author(s): Matthieu Thomas, Anne-Laurence Graf, Marta Roca i Escoda, Ga\u00eble&#8230;<\/p>\n","protected":false},"author":3,"featured_media":0,"comment_status":"open","ping_status":"open","sticky":false,"template":"","format":"standard","meta":{"_kadence_starter_templates_imported_post":false,"_kad_post_transparent":"","_kad_post_title":"","_kad_post_layout":"","_kad_post_sidebar_id":"","_kad_post_content_style":"","_kad_post_vertical_padding":"","_kad_post_feature":"","_kad_post_feature_position":"","_kad_post_header":false,"_kad_post_footer":false,"_kad_post_classname":"","jetpack_post_was_ever_published":false,"_jetpack_newsletter_access":"","_jetpack_dont_email_post_to_subs":false,"_jetpack_newsletter_tier_id":0,"_jetpack_memberships_contains_paywalled_content":false,"_jetpack_memberships_contains_paid_content":false,"footnotes":""},"categories":[53],"tags":[306,699,7,82,52,87,129,303,334],"class_list":["post-38363","post","type-post","status-publish","format-standard","hentry","category-law","tag-306","tag-anti-racist-education","tag-article","tag-ethnic-discrimination","tag-french-language","tag-history","tag-law","tag-legal-aspects","tag-racism"],"jetpack_featured_media_url":"","jetpack_sharing_enabled":true,"_links":{"self":[{"href":"https:\/\/swissmig.unine.ch\/index.php?rest_route=\/wp\/v2\/posts\/38363","targetHints":{"allow":["GET"]}}],"collection":[{"href":"https:\/\/swissmig.unine.ch\/index.php?rest_route=\/wp\/v2\/posts"}],"about":[{"href":"https:\/\/swissmig.unine.ch\/index.php?rest_route=\/wp\/v2\/types\/post"}],"author":[{"embeddable":true,"href":"https:\/\/swissmig.unine.ch\/index.php?rest_route=\/wp\/v2\/users\/3"}],"replies":[{"embeddable":true,"href":"https:\/\/swissmig.unine.ch\/index.php?rest_route=%2Fwp%2Fv2%2Fcomments&post=38363"}],"version-history":[{"count":1,"href":"https:\/\/swissmig.unine.ch\/index.php?rest_route=\/wp\/v2\/posts\/38363\/revisions"}],"predecessor-version":[{"id":38364,"href":"https:\/\/swissmig.unine.ch\/index.php?rest_route=\/wp\/v2\/posts\/38363\/revisions\/38364"}],"wp:attachment":[{"href":"https:\/\/swissmig.unine.ch\/index.php?rest_route=%2Fwp%2Fv2%2Fmedia&parent=38363"}],"wp:term":[{"taxonomy":"category","embeddable":true,"href":"https:\/\/swissmig.unine.ch\/index.php?rest_route=%2Fwp%2Fv2%2Fcategories&post=38363"},{"taxonomy":"post_tag","embeddable":true,"href":"https:\/\/swissmig.unine.ch\/index.php?rest_route=%2Fwp%2Fv2%2Ftags&post=38363"}],"curies":[{"name":"wp","href":"https:\/\/api.w.org\/{rel}","templated":true}]}}