{"id":38301,"date":"2025-12-01T08:00:00","date_gmt":"2025-12-01T07:00:00","guid":{"rendered":"https:\/\/swissmig.unine.ch\/?p=38301"},"modified":"2025-11-26T10:03:08","modified_gmt":"2025-11-26T09:03:08","slug":"zur-situation-der-jenischen-und-sinti-in-der-schweiz-literaturrecherche-mit-fokus-auf-die-diskriminierungsgeschichte-der-nomadischen-lebensweise","status":"publish","type":"post","link":"https:\/\/swissmig.unine.ch\/?p=38301","title":{"rendered":"Zur Situation der Jenischen und Sinti in der Schweiz: Literaturrecherche mit Fokus auf die Diskriminierungsgeschichte der nomadischen Lebensweise"},"content":{"rendered":"\n<h3 class=\"wp-block-heading\">Author(s) : Nadine Gautschi<\/h3>\n\n\n\n<h3 class=\"wp-block-heading\">Source : <a href=\"https:\/\/www.knoten-maschen.ch\/wp-content\/uploads\/2025\/08\/0813_Zur-Situation-der-Jenischen-und-Sinti-in-der-Schweiz-310725-ngautschi.pdf\" target=\"_blank\" rel=\"noreferrer noopener\">https:\/\/www.knoten-maschen.ch\/wp-content\/uploads\/2025\/08\/0813_Zur-Situation-der-Jenischen-und-Sinti-in-der-Schweiz-310725-ngautschi.pdf<\/a><\/h3>\n\n\n\n<p><strong>Abstract:<\/strong><\/p>\n\n\n\n<blockquote class=\"wp-block-quote is-layout-flow wp-block-quote-is-layout-flow\">\n<p>Diese Literaturrecherche bietet einen kompakten \u00dcberblick \u00fcber den aktuellen Stand des Wissens zur Situation der Jenischen und Sinti in der Schweiz. Gest\u00fctzt auf ein Rechtsgutachten von Diggelmann et al. aus dem Jahr 2024 erkannte der Bundesrat am 20. Februar 2025 die Kindswegnahmen und Geburtenverhinderungen in den Gemeinschaften der Schweizer Jenischen und Sinti durch die Pro Juventute zwischen 1926 und 1973 im Sinne des V\u00f6lkerrechts als Verbrechen gegen die Menschlichkeit an. Die beiden Selbstorganisationen \u201eUnion des Associations et des Repr\u00e9sentants des Nomades Suisses\u201c (UARNS) und die \u201eRadgenossenschaft der Landstrasse\u201c ersuchten den Bund in den Jahren 2021 bzw. 2024 um die Anerkennung eines (kulturellen) Genozids, woraufhin der Bund das entsprechende Rechtsgutachten in Auftrag gab. Im Zuge der Anerkennung des Verbrechens gegen die Menschlichkeit bekr\u00e4ftigte der Bund gegen\u00fcber den Jenischen und Sinti seine Entschuldigung von 2013, die den Opfern der sogenannten \u201ef\u00fcrsorgerischen Zwangsmassnahmen und Fremdplatzierungen\u201c galt. Zun\u00e4chst wird die historische (Verfolgungs-)Geschichte der Jenischen und Sinti auf dem heutigen Staatsgebiet der Schweiz nachgezeichnet. Anschliessend wird die heutige Situation der Jenischen und Sinti anhand der verf\u00fcgbaren Hinweise dargelegt. Danach werden die Auswirkungen der Verfolgung er\u00f6rtert. In einem weiteren Abschnitt wird die Rolle der Wissenschaft in Bezug auf die Jenischen und Sinti erl\u00e4utert. Die Literaturrecherche wird mit einem Fazit abgeschlossen.<\/p>\n<\/blockquote>\n","protected":false},"excerpt":{"rendered":"<p>Author(s) : Nadine Gautschi Source : https:\/\/www.knoten-maschen.ch\/wp-content\/uploads\/2025\/08\/0813_Zur-Situation-der-Jenischen-und-Sinti-in-der-Schweiz-310725-ngautschi.pdf Abstract: Diese Literaturrecherche&#8230;<\/p>\n","protected":false},"author":3,"featured_media":0,"comment_status":"open","ping_status":"open","sticky":false,"template":"","format":"standard","meta":{"_kadence_starter_templates_imported_post":false,"_kad_post_transparent":"","_kad_post_title":"","_kad_post_layout":"","_kad_post_sidebar_id":"","_kad_post_content_style":"","_kad_post_vertical_padding":"","_kad_post_feature":"","_kad_post_feature_position":"","_kad_post_header":false,"_kad_post_footer":false,"_kad_post_classname":"","jetpack_post_was_ever_published":false,"_jetpack_newsletter_access":"","_jetpack_dont_email_post_to_subs":false,"_jetpack_newsletter_tier_id":0,"_jetpack_memberships_contains_paywalled_content":false,"_jetpack_memberships_contains_paid_content":false,"footnotes":""},"categories":[24],"tags":[306,119,82,121,73,87,271,303,276,249,530,723],"class_list":["post-38301","post","type-post","status-publish","format-standard","hentry","category-society-family-racism","tag-306","tag-associations","tag-ethnic-discrimination","tag-ethnic-minorities","tag-german-language","tag-history","tag-human-rights-violations","tag-legal-aspects","tag-literature-review","tag-report","tag-roma-and-sinti","tag-yenish"],"jetpack_featured_media_url":"","jetpack_sharing_enabled":true,"_links":{"self":[{"href":"https:\/\/swissmig.unine.ch\/index.php?rest_route=\/wp\/v2\/posts\/38301","targetHints":{"allow":["GET"]}}],"collection":[{"href":"https:\/\/swissmig.unine.ch\/index.php?rest_route=\/wp\/v2\/posts"}],"about":[{"href":"https:\/\/swissmig.unine.ch\/index.php?rest_route=\/wp\/v2\/types\/post"}],"author":[{"embeddable":true,"href":"https:\/\/swissmig.unine.ch\/index.php?rest_route=\/wp\/v2\/users\/3"}],"replies":[{"embeddable":true,"href":"https:\/\/swissmig.unine.ch\/index.php?rest_route=%2Fwp%2Fv2%2Fcomments&post=38301"}],"version-history":[{"count":1,"href":"https:\/\/swissmig.unine.ch\/index.php?rest_route=\/wp\/v2\/posts\/38301\/revisions"}],"predecessor-version":[{"id":38302,"href":"https:\/\/swissmig.unine.ch\/index.php?rest_route=\/wp\/v2\/posts\/38301\/revisions\/38302"}],"wp:attachment":[{"href":"https:\/\/swissmig.unine.ch\/index.php?rest_route=%2Fwp%2Fv2%2Fmedia&parent=38301"}],"wp:term":[{"taxonomy":"category","embeddable":true,"href":"https:\/\/swissmig.unine.ch\/index.php?rest_route=%2Fwp%2Fv2%2Fcategories&post=38301"},{"taxonomy":"post_tag","embeddable":true,"href":"https:\/\/swissmig.unine.ch\/index.php?rest_route=%2Fwp%2Fv2%2Ftags&post=38301"}],"curies":[{"name":"wp","href":"https:\/\/api.w.org\/{rel}","templated":true}]}}