{"id":38289,"date":"2025-12-01T08:00:00","date_gmt":"2025-12-01T07:00:00","guid":{"rendered":"https:\/\/swissmig.wordpress.com\/?p=38050"},"modified":"2025-12-01T08:00:00","modified_gmt":"2025-12-01T07:00:00","slug":"la-question-de-linegalite-de-traitement-des-refugies-ukrainiens-en-europe-et-ses-consequences-socio-economiques","status":"publish","type":"post","link":"https:\/\/swissmig.unine.ch\/?p=38289","title":{"rendered":"La question de l\u2019in\u00e9galit\u00e9 de traitement des r\u00e9fugi\u00e9s ukrainiens en Europe et ses cons\u00e9quences socio-\u00e9conomiques"},"content":{"rendered":"\n<h3 class=\"wp-block-heading\">Author(s) : Ipek Dogan<\/h3>\n\n\n\n<h3 class=\"wp-block-heading\">Source : <a href=\"https:\/\/archive-ouverte.unige.ch\/unige:183087\" target=\"_blank\" rel=\"noreferrer noopener\">https:\/\/archive-ouverte.unige.ch\/unige:183087<\/a><\/h3>\n\n\n\n<p><strong>Abstract: <\/strong><\/p>\n\n\n\n<!--more-->\n\n\n\n<blockquote class=\"wp-block-quote is-layout-flow wp-block-quote-is-layout-flow\">\n<p>Peut-on parler d\u2019in\u00e9galit\u00e9 de traitement des r\u00e9fugi\u00e9s ukrainiens en Europe vis-\u00e0-vis des r\u00e9fugi\u00e9s provenant d\u2019autres pays ? Quelles diff\u00e9rences peut-on observer dans les politiques de r\u00e9partition et d\u2019accueil entre les r\u00e9fugi\u00e9s syriens de 2015 et les r\u00e9fugi\u00e9s ukrainiens ? Quels crit\u00e8res (origine, religion, culture, etc.) semblent influencer le traitement des r\u00e9fugi\u00e9s par les \u00c9tats europ\u00e9ens ? Comment les \u00c9tats justifient-ils juridiquement les diff\u00e9rences de traitement entre les r\u00e9fugi\u00e9s ? Quels impacts les in\u00e9galit\u00e9s de traitement ont-elles sur l\u2019int\u00e9gration des r\u00e9fugi\u00e9s dans leurs pays d\u2019accueil (emploi, \u00e9ducation, logement) ? Peut-on parler d\u2019une protection et mesure temporaire : est-ce vraiment temporaire ? Quelle proc\u00e9dure d\u2019accueil en Europe : un privil\u00e8ge pour les Ukrainiens ? Qu\u2019en est-il des r\u00e9fugi\u00e9s d\u2019origine diff\u00e9rentes r\u00e9sidant en Ukraine ? Quel mode d\u2019accueil et cons\u00e9quence pour le pays d\u2019accueil ? Quels sont les droits des r\u00e9fugi\u00e9s? Quels seraient les moyens d\u2019harmoniser les politiques migratoires en Europe pour \u00e9viter les in\u00e9galit\u00e9s de traitement ? Depuis le d\u00e9but de la crise en Ukraine, des diff\u00e9rences de traitement ont \u00e9merg\u00e9 entre les r\u00e9fugi\u00e9s ukrainiens accueillis en Europe et ceux provenant d\u2019autres r\u00e9gions, notamment du Moyen Orient et d\u2019Afrique subsaharienne. Alors que les r\u00e9fugi\u00e9s ukrainiens b\u00e9n\u00e9ficient d\u2019une protection temporaire, assortie de proc\u00e9dures simplifi\u00e9es et d\u2019un accueil prioritaire, les r\u00e9fugi\u00e9s d\u2019autres nationalit\u00e9s, m\u00eame r\u00e9sidant en Ukraine, n\u2019ont pas toujours acc\u00e9d\u00e9 aux m\u00eames facilit\u00e9s. Cette situation contraste avec la crise migratoire de 2015, durant laquelle les Syriens, Afghans et Irakiens ont fait face \u00e0 des politiques de r\u00e9partition plus complexes et restrictives dans certains pays. Aujourd\u2019hui, les mesures d&#8217;accueil sp\u00e9ciales pour les Ukrainiens soul\u00e8vent la question du &#8220;privil\u00e8ge&#8221; d\u2019un traitement pr\u00e9f\u00e9rentiel, reposant en partie sur des consid\u00e9rations g\u00e9opolitiques et culturelles. L\u2019accueil de r\u00e9fugi\u00e9s a des implications significatives pour les pays d\u2019accueil, qui doivent investir dans le logement, la sant\u00e9, l\u2019\u00e9ducation et les services sociaux, souvent dans un contexte de ressources limit\u00e9es. N\u00e9anmoins, en vertu du droit international, les r\u00e9fugi\u00e9s disposent de droits fondamentaux, notamment en mati\u00e8re de protection et d&#8217;acc\u00e8s aux services essentiels.<\/p>\n<\/blockquote>\n","protected":false},"excerpt":{"rendered":"<p>Author(s) : Ipek Dogan Source : https:\/\/archive-ouverte.unige.ch\/unige:183087 Abstract:<\/p>\n","protected":false},"author":2,"featured_media":0,"comment_status":"open","ping_status":"open","sticky":false,"template":"","format":"standard","meta":{"_kadence_starter_templates_imported_post":false,"_kad_post_transparent":"","_kad_post_title":"","_kad_post_layout":"","_kad_post_sidebar_id":"","_kad_post_content_style":"","_kad_post_vertical_padding":"","_kad_post_feature":"","_kad_post_feature_position":"","_kad_post_header":false,"_kad_post_footer":false,"_kad_post_classname":"","jetpack_post_was_ever_published":false,"_jetpack_newsletter_access":"","_jetpack_dont_email_post_to_subs":false,"_jetpack_newsletter_tier_id":0,"_jetpack_memberships_contains_paywalled_content":false,"_jetpack_memberships_contains_paid_content":false,"footnotes":""},"categories":[12],"tags":[306,474,57,79,58,52,387,319,90,166,688,647],"class_list":["post-38289","post","type-post","status-publish","format-standard","hentry","category-politics","tag-306","tag-afghans","tag-comparative-analysis","tag-equal-opportunities","tag-europe","tag-french-language","tag-integration-policy","tag-master-thesis","tag-reception-policy","tag-residence-permits","tag-syrians","tag-ukrainians"],"jetpack_featured_media_url":"","jetpack_sharing_enabled":true,"_links":{"self":[{"href":"https:\/\/swissmig.unine.ch\/index.php?rest_route=\/wp\/v2\/posts\/38289","targetHints":{"allow":["GET"]}}],"collection":[{"href":"https:\/\/swissmig.unine.ch\/index.php?rest_route=\/wp\/v2\/posts"}],"about":[{"href":"https:\/\/swissmig.unine.ch\/index.php?rest_route=\/wp\/v2\/types\/post"}],"author":[{"embeddable":true,"href":"https:\/\/swissmig.unine.ch\/index.php?rest_route=\/wp\/v2\/users\/2"}],"replies":[{"embeddable":true,"href":"https:\/\/swissmig.unine.ch\/index.php?rest_route=%2Fwp%2Fv2%2Fcomments&post=38289"}],"version-history":[{"count":2,"href":"https:\/\/swissmig.unine.ch\/index.php?rest_route=\/wp\/v2\/posts\/38289\/revisions"}],"predecessor-version":[{"id":38355,"href":"https:\/\/swissmig.unine.ch\/index.php?rest_route=\/wp\/v2\/posts\/38289\/revisions\/38355"}],"wp:attachment":[{"href":"https:\/\/swissmig.unine.ch\/index.php?rest_route=%2Fwp%2Fv2%2Fmedia&parent=38289"}],"wp:term":[{"taxonomy":"category","embeddable":true,"href":"https:\/\/swissmig.unine.ch\/index.php?rest_route=%2Fwp%2Fv2%2Fcategories&post=38289"},{"taxonomy":"post_tag","embeddable":true,"href":"https:\/\/swissmig.unine.ch\/index.php?rest_route=%2Fwp%2Fv2%2Ftags&post=38289"}],"curies":[{"name":"wp","href":"https:\/\/api.w.org\/{rel}","templated":true}]}}