{"id":38286,"date":"2025-11-24T08:00:00","date_gmt":"2025-11-24T07:00:00","guid":{"rendered":"https:\/\/swissmig.wordpress.com\/?p=38030"},"modified":"2025-11-24T08:00:00","modified_gmt":"2025-11-24T07:00:00","slug":"etude-sur-la-naturalisation-des-etrangeres-et-des-etrangers-studie-zur-einburgerung-von-auslanderinnen-und-auslandern","status":"publish","type":"post","link":"https:\/\/swissmig.unine.ch\/?p=38286","title":{"rendered":"\u00c9tude sur la naturalisation des \u00e9trang\u00e8res et des \u00e9trangers \/ Studie zur Einb\u00fcrgerung von Ausl\u00e4nderinnen und Ausl\u00e4ndern"},"content":{"rendered":"\n<h3 class=\"wp-block-heading\">Author(s) : Severin Bischof, Lena Liechti, Patrice Sager, J\u00fcrg Guggisberg<\/h3>\n\n\n\n<h3 class=\"wp-block-heading\">Source : FR <a href=\"https:\/\/www.buerobass.ch\/fileadmin\/Files\/2025\/SEM_2025_Einbuergerungen_Schlussbericht_FR.pdf\">https:\/\/www.buerobass.ch\/fileadmin\/Files\/2025\/SEM_2025_Einbuergerungen_Schlussbericht_FR.pdf<\/a> \/ DE <a href=\"https:\/\/www.buerobass.ch\/fileadmin\/Files\/2025\/SEM_2025_Einbuergerungen_Schlussbericht_DE.pdf\" target=\"_blank\" rel=\"noreferrer noopener\">https:\/\/www.buerobass.ch\/fileadmin\/Files\/2025\/SEM_2025_Einbuergerungen_Schlussbericht_DE.pdf<\/a><\/h3>\n\n\n\n<p><strong>Abstract: <\/strong><\/p>\n\n\n\n<!--more-->\n\n\n\n<blockquote class=\"wp-block-quote is-layout-flow wp-block-quote-is-layout-flow\">\n<p>En comparaison \u00e0 d\u2019autres pays europ\u00e9ens, la Suisse compte une forte proportion d\u2019\u00e9trang\u00e8res et \u00e9trangers (environ 26%, contre 8% en moyenne dans les pays de l\u2019UE). Plus de la moiti\u00e9 de la population \u00e9trang\u00e8re r\u00e9sidante (1,2 million de personnes) remplit les conditions formelles fix\u00e9es par la Conf\u00e9d\u00e9ration pour acqu\u00e9rir la nationalit\u00e9 suisse. Cela soul\u00e8ve la question suivante : pourquoi tant de personnes remplissant les crit\u00e8res requis ne font-elles pas de demande de naturalisation en Suisse ? Le rapport de base du bureau BASS en r\u00e9ponse au postulat 22.3397 dresse un tableau complet de la pratique en mati\u00e8re de naturalisation en Suisse \u00e0 l\u2019aide d\u2019analyses statistiques, d\u2019une enqu\u00eate aupr\u00e8s de personnes potentiellement \u00e9ligibles \u00e0 la naturalisation, d\u2019enqu\u00eates aupr\u00e8s des cantons et communes ainsi que d\u2019une analyse de la litt\u00e9rature et des textes l\u00e9gislatifs.<\/p>\n\n\n\n<p>Verglichen mit anderen L\u00e4ndern Europas hat die Schweiz mit rund 26% einen hohen Ausl\u00e4nderanteil (EU-Durchschnitt: rund 8%). \u00dcber die H\u00e4lfte der ausl\u00e4ndischen Wohnbev\u00f6lkerung (1.2 Millionen Personen) erf\u00fcllt die formellen Voraussetzungen des Bundes f\u00fcr eine Einb\u00fcrgerung. Vor diesem Hintergrund stellt sich die Frage, weshalb sich viele Menschen in der Schweiz nicht einb\u00fcrgern lassen, obwohl sie die Kriterien dazu erf\u00fcllen. Der Grundlagenbericht des BASS zur Beantwortung des Postulats 22.3397 zeichnet mittels statistischer Analysen, einer Befragung von potenziell Einb\u00fcrgerungsberechtigten, Erhebungen bei Kantonen und Gemeinden sowie der Auswertung von Literatur- und Gesetzestexten ein umfassendes Bild \u00fcber die Einb\u00fcrgerungspraxis in der Schweiz.<\/p>\n<\/blockquote>\n","protected":false},"excerpt":{"rendered":"<p>Author(s) : Severin Bischof, Lena Liechti, Patrice Sager, J\u00fcrg Guggisberg&#8230;<\/p>\n","protected":false},"author":2,"featured_media":0,"comment_status":"open","ping_status":"open","sticky":false,"template":"","format":"standard","meta":{"_kadence_starter_templates_imported_post":false,"_kad_post_transparent":"","_kad_post_title":"","_kad_post_layout":"","_kad_post_sidebar_id":"","_kad_post_content_style":"","_kad_post_vertical_padding":"","_kad_post_feature":"","_kad_post_feature_position":"","_kad_post_header":false,"_kad_post_footer":false,"_kad_post_classname":"","jetpack_post_was_ever_published":false,"_jetpack_newsletter_access":"","_jetpack_dont_email_post_to_subs":false,"_jetpack_newsletter_tier_id":0,"_jetpack_memberships_contains_paywalled_content":false,"_jetpack_memberships_contains_paid_content":false,"footnotes":""},"categories":[12],"tags":[306,70,307,52,73,93,249],"class_list":["post-38286","post","type-post","status-publish","format-standard","hentry","category-politics","tag-306","tag-citizenship","tag-civil-and-political-rights","tag-french-language","tag-german-language","tag-naturalization","tag-report"],"jetpack_featured_media_url":"","jetpack_sharing_enabled":true,"_links":{"self":[{"href":"https:\/\/swissmig.unine.ch\/index.php?rest_route=\/wp\/v2\/posts\/38286","targetHints":{"allow":["GET"]}}],"collection":[{"href":"https:\/\/swissmig.unine.ch\/index.php?rest_route=\/wp\/v2\/posts"}],"about":[{"href":"https:\/\/swissmig.unine.ch\/index.php?rest_route=\/wp\/v2\/types\/post"}],"author":[{"embeddable":true,"href":"https:\/\/swissmig.unine.ch\/index.php?rest_route=\/wp\/v2\/users\/2"}],"replies":[{"embeddable":true,"href":"https:\/\/swissmig.unine.ch\/index.php?rest_route=%2Fwp%2Fv2%2Fcomments&post=38286"}],"version-history":[{"count":0,"href":"https:\/\/swissmig.unine.ch\/index.php?rest_route=\/wp\/v2\/posts\/38286\/revisions"}],"wp:attachment":[{"href":"https:\/\/swissmig.unine.ch\/index.php?rest_route=%2Fwp%2Fv2%2Fmedia&parent=38286"}],"wp:term":[{"taxonomy":"category","embeddable":true,"href":"https:\/\/swissmig.unine.ch\/index.php?rest_route=%2Fwp%2Fv2%2Fcategories&post=38286"},{"taxonomy":"post_tag","embeddable":true,"href":"https:\/\/swissmig.unine.ch\/index.php?rest_route=%2Fwp%2Fv2%2Ftags&post=38286"}],"curies":[{"name":"wp","href":"https:\/\/api.w.org\/{rel}","templated":true}]}}