{"id":38281,"date":"2025-11-10T08:00:00","date_gmt":"2025-11-10T07:00:00","guid":{"rendered":"https:\/\/swissmig.wordpress.com\/?p=38005"},"modified":"2025-11-10T08:00:00","modified_gmt":"2025-11-10T07:00:00","slug":"enferme%e2%80%91e-la-detention-des-etrangers-en-suisse-weggesperrt-die-auslanderrechtliche-haft-in-der-schweiz","status":"publish","type":"post","link":"https:\/\/swissmig.unine.ch\/?p=38281","title":{"rendered":"Enferm\u00e9\u2011e \u2013 La d\u00e9tention des \u00e9trangers en Suisse \/ Weggesperrt \u2013 Die ausl\u00e4nderrechtliche Haft in der Schweiz"},"content":{"rendered":"\n<h3 class=\"wp-block-heading\">Author(s) : Lars Scheppach, Meret Hofer<\/h3>\n\n\n\n<h3 class=\"wp-block-heading\">Source : FR <a href=\"https:\/\/beobachtungsstelle.ch\/news\/enferme-e-la-detention-fondee-sur-le-droit-des-etrangers-en-suisse\/\" target=\"_blank\" rel=\"noreferrer noopener\">https:\/\/beobachtungsstelle.ch\/news\/enferme-e-la-detention-fondee-sur-le-droit-des-etrangers-en-suisse\/<\/a> \/ DE <a href=\"https:\/\/beobachtungsstelle.ch\/news\/weggesperrt-die-auslaenderrechtliche-haft-in-der-schweiz\/\" target=\"_blank\" rel=\"noreferrer noopener\">https:\/\/beobachtungsstelle.ch\/news\/weggesperrt-die-auslaenderrechtliche-haft-in-der-schweiz\/<\/a><\/h3>\n\n\n\n<p><strong>Abstract: <\/strong><\/p>\n\n\n\n<!--more-->\n\n\n\n<blockquote class=\"wp-block-quote is-layout-flow wp-block-quote-is-layout-flow\">\n<p>Chaque ann\u00e9e, environ 3 000 personnes sont plac\u00e9es en d\u00e9tention en Suisse pour une dur\u00e9e pouvant aller jusqu\u2019\u00e0 un an et demi, uniquement en raison de leur statut de migrant et non pas pour avoir commis un d\u00e9lit. Pr\u00e9vue par le droit des \u00e9trangers, la d\u00e9tention administrative est une mesure coercitive de droit administratif visant \u00e0 garantir le d\u00e9part des personnes en situation irr\u00e9guli\u00e8re.<\/p>\n\n\n\n<p>La d\u00e9tention administrative constitue une atteinte grave \u00e0 la libert\u00e9 individuelle prot\u00e9g\u00e9e par la Constitution et est souvent traumatisante pour les personnes concern\u00e9es. Les conditions de d\u00e9tention dans les centres de renvoi sont pr\u00e9caires et font r\u00e9guli\u00e8rement l\u2019objet de critiques justifi\u00e9es de la part de la Commission nationale de pr\u00e9vention de la torture (CNPT). Des \u00e9tudes montrent que le taux de suicide en d\u00e9tention administrative est six \u00e0 sept fois plus \u00e9lev\u00e9 qu\u2019en libert\u00e9. Ces derniers temps, les cas de suicide en d\u00e9tention administrative se sont multipli\u00e9s.<\/p>\n\n\n\n<p>Avec son nouveau rapport intitul\u00e9 \u00ab&nbsp;<strong>Enferm\u00e9\u2011e \u2013 La d\u00e9tention des \u00e9trangers en Suisse<\/strong>&nbsp;\u00bb, l\u2019ODAE-Suisse souhaite clarifier les id\u00e9es re\u00e7ues et objectiver le d\u00e9bat public et politique. \u00c0 cette fin, l\u2019organisation a document\u00e9 des cas, consult\u00e9 des \u00e9tudes et de la litt\u00e9rature sp\u00e9cialis\u00e9e, et \u00e9valu\u00e9 les chiffres actuels. Elle a \u00e9galement formul\u00e9 des revendications \u00e0 l\u2019intention des autorit\u00e9s et des responsables politiques. L\u2019ODAE-Suisse conclut que les principes et les garanties de l\u2019\u00c9tat de droit sont r\u00e9guli\u00e8rement viol\u00e9s, ce qui remet en question les valeurs d\u00e9mocratiques de la Suisse. Il est donc temps de mettre en place une proc\u00e9dure d\u2019expulsion moderne, humaine et conforme au&nbsp;droit.<\/p>\n\n\n\n<p>&#8212;&#8212;&#8212;&#8212;&#8212;&#8212;-<\/p>\n<\/blockquote>\n\n\n\n<p>J\u00e4hrlich werden in der Schweiz rund 3\u2019000 Menschen bis zu eineinhalb Jahre in Haft genommen \u2013 nicht wegen einer Straftat, sondern allein aufgrund ihres Migrationsstatus. Die ausl\u00e4nderrechtliche Administrativhaft ist eine verwaltungsrechtliche Zwangsmassnahme mit dem Ziel, die Ausreise von Personen ohne regul\u00e4ren Aufenthaltstitel sicherzustellen.<\/p>\n\n\n\n<p>Die Administrativhaft stellt einen schwerwiegenden Eingriff in die verfassungsrechtlich gesch\u00fctzte pers\u00f6nliche Freiheit dar und ist f\u00fcr die Betroffenen oftmals traumatisierend. Die Haftbedingungen in den Ausschaffungsgef\u00e4ngnissen sind prek\u00e4r und werden von der Nationalen Kommission zur Verh\u00fctung von Folter (NKVF) zurecht immer wieder kritisiert. Untersuchungen zeigen, dass die Suizidrate in Administrativhaft sechs- bis siebenmal h\u00f6her ist als in Freiheit. Gerade in letzter Zeit h\u00e4ufen sich Meldungen \u00fcber Suizide in Administrativhaft.<\/p>\n\n\n\n<p>Mit dem neuen Fachbericht \u00abWeggesperrt \u2013 Die ausl\u00e4nderrechtliche Haft in der Schweiz\u00bb der SBAA wollen wir vorherrschende Irrt\u00fcmer aufkl\u00e4ren und den \u00f6ffentlichen sowie politischen Diskurs versachlichen. Daf\u00fcr haben wir F\u00e4lle dokumentiert, Fachliteratur und Studien konsultiert, aktuelle Zahlen ausgewertet und Forderungen an die Beh\u00f6rden und die Politik formuliert. Wir kommen zum Schluss, dass rechtsstaatliche Grunds\u00e4tze und Garantien regelm\u00e4ssig verletzt und damit die demokratischen Werte der Schweiz erheblich infrage gestellt werden. Es ist deshalb an der Zeit, einen zeitgem\u00e4ssen, humanen und rechtskonformen Wegweisungsvollzug zu etablieren.<\/p>\n","protected":false},"excerpt":{"rendered":"<p>Author(s) : Lars Scheppach, Meret Hofer Source : FR https:\/\/beobachtungsstelle.ch\/news\/enferme-e-la-detention-fondee-sur-le-droit-des-etrangers-en-suisse\/&#8230;<\/p>\n","protected":false},"author":2,"featured_media":0,"comment_status":"open","ping_status":"open","sticky":false,"template":"","format":"standard","meta":{"_kadence_starter_templates_imported_post":false,"_kad_post_transparent":"","_kad_post_title":"","_kad_post_layout":"","_kad_post_sidebar_id":"","_kad_post_content_style":"","_kad_post_vertical_padding":"","_kad_post_feature":"","_kad_post_feature_position":"","_kad_post_header":false,"_kad_post_footer":false,"_kad_post_classname":"","jetpack_post_was_ever_published":false,"_jetpack_newsletter_access":"","_jetpack_dont_email_post_to_subs":false,"_jetpack_newsletter_tier_id":0,"_jetpack_memberships_contains_paywalled_content":false,"_jetpack_memberships_contains_paid_content":false,"footnotes":""},"categories":[53],"tags":[306,576,163,269,328,52,73,128,271,329,563,249],"class_list":["post-38281","post","type-post","status-publish","format-standard","hentry","category-law","tag-306","tag-custody-pending-deportation","tag-deportation","tag-detention","tag-expulsion","tag-french-language","tag-german-language","tag-human-rights","tag-human-rights-violations","tag-immigration-detention","tag-immigration-law","tag-report"],"jetpack_featured_media_url":"","jetpack_sharing_enabled":true,"_links":{"self":[{"href":"https:\/\/swissmig.unine.ch\/index.php?rest_route=\/wp\/v2\/posts\/38281","targetHints":{"allow":["GET"]}}],"collection":[{"href":"https:\/\/swissmig.unine.ch\/index.php?rest_route=\/wp\/v2\/posts"}],"about":[{"href":"https:\/\/swissmig.unine.ch\/index.php?rest_route=\/wp\/v2\/types\/post"}],"author":[{"embeddable":true,"href":"https:\/\/swissmig.unine.ch\/index.php?rest_route=\/wp\/v2\/users\/2"}],"replies":[{"embeddable":true,"href":"https:\/\/swissmig.unine.ch\/index.php?rest_route=%2Fwp%2Fv2%2Fcomments&post=38281"}],"version-history":[{"count":0,"href":"https:\/\/swissmig.unine.ch\/index.php?rest_route=\/wp\/v2\/posts\/38281\/revisions"}],"wp:attachment":[{"href":"https:\/\/swissmig.unine.ch\/index.php?rest_route=%2Fwp%2Fv2%2Fmedia&parent=38281"}],"wp:term":[{"taxonomy":"category","embeddable":true,"href":"https:\/\/swissmig.unine.ch\/index.php?rest_route=%2Fwp%2Fv2%2Fcategories&post=38281"},{"taxonomy":"post_tag","embeddable":true,"href":"https:\/\/swissmig.unine.ch\/index.php?rest_route=%2Fwp%2Fv2%2Ftags&post=38281"}],"curies":[{"name":"wp","href":"https:\/\/api.w.org\/{rel}","templated":true}]}}