{"id":38280,"date":"2025-11-10T08:00:00","date_gmt":"2025-11-10T07:00:00","guid":{"rendered":"https:\/\/swissmig.wordpress.com\/?p=38000"},"modified":"2025-11-10T08:00:00","modified_gmt":"2025-11-10T07:00:00","slug":"familles-separees-enfances-precaires-limpact-des-politiques-migratoires-sur-les-enfants-etranger%c2%b7eres","status":"publish","type":"post","link":"https:\/\/swissmig.unine.ch\/?p=38280","title":{"rendered":"Familles s\u00e9par\u00e9es, enfances pr\u00e9caires : l\u2019impact des politiques migratoires sur les enfants \u00e9tranger\u00b7\u00e8res"},"content":{"rendered":"\n<h3 class=\"wp-block-heading\">Author(s) : ODAE Romand<\/h3>\n\n\n\n<h3 class=\"wp-block-heading\">Source : <a href=\"https:\/\/odae-romand.ch\/rapport\/familles-separees-enfances-precaires\/\" target=\"_blank\" rel=\"noreferrer noopener\">https:\/\/odae-romand.ch\/rapport\/familles-separees-enfances-precaires\/<\/a><\/h3>\n\n\n\n<p><strong>Abstract: <\/strong><\/p>\n\n\n\n<!--more-->\n\n\n\n<blockquote class=\"wp-block-quote is-layout-flow wp-block-quote-is-layout-flow\">\n<p>Ce rapport th\u00e9matique de l\u2019ODAE romand regroupe des contributions portant sur les obstacles que rencontrent les personnes exil\u00e9es en Suisse pour obtenir un regroupement familial, ainsi que sur les atteintes aux droits de l\u2019enfant qu\u2019entrainent les politiques migratoires suisses.<\/p>\n\n\n\n<p>Ces articles sont enrichis de nombreux cas et t\u00e9moignages de personnes s\u00e9par\u00e9es de leurs proches durant des ann\u00e9es et d\u2019enfants qui voient leur statut primer sur le fait d\u2019\u00eatre enfant, au d\u00e9triment de leurs droits fondamentaux.<\/p>\n\n\n\n<p><strong>Table des mati\u00e8res<\/strong><\/p>\n\n\n\n<p>Le d\u00e9lai du regroupement familial : poids, entrave et obstacles insurmontables<\/p>\n\n\n\n<p>Quand regarde-t-on l\u2019\u00e2ge de l\u2019enfant ? Un enjeu crucial<\/p>\n\n\n\n<p>D\u00e9termination de l\u2019\u00e2ge en proc\u00e9dure d\u2019asile : majeur \u00b7e jusqu\u2019\u00e0 preuve du contraire ?<\/p>\n\n\n\n<p>Des protections sp\u00e9cifiques pour les mineur\u00b7es non accompagn\u00e9\u00b7es<\/p>\n\n\n\n<p>18 ans : l\u2019\u00e2ge couperet des proc\u00e9dures d\u2019asile<\/p>\n\n\n\n<p>Le regroupement familial invers\u00e9 : remettre l\u2019enfant au centre du droit<\/p>\n\n\n\n<p>La s\u00e9paration des familles par le renvoi : une pratique r\u00e9currente en Suisse<\/p>\n\n\n\n<p>Les ambassades suisses contre les familles<\/p>\n\n\n\n<p>L\u2019impact de la s\u00e9paration familiale sur la sant\u00e9 des personnes exil\u00e9es<\/p>\n\n\n\n<p>Quatre ans d\u2019attente : le calvaire d\u2019Aline* et de ses enfants<\/p>\n\n\n\n<p>Du statut d\u2019enfant \u00e0 celui de criminel\u00b7le : la d\u00e9tention administrative des enfants migrant\u00b7es<\/p>\n\n\n\n<p>De multiples formes de d\u00e9tention<\/p>\n\n\n\n<p>L\u2019aide d\u2019urgence : incompatible avec les droits de l\u2019enfant<\/p>\n<\/blockquote>\n","protected":false},"excerpt":{"rendered":"<p>Author(s) : ODAE Romand Source : https:\/\/odae-romand.ch\/rapport\/familles-separees-enfances-precaires\/ Abstract:<\/p>\n","protected":false},"author":2,"featured_media":0,"comment_status":"open","ping_status":"open","sticky":false,"template":"","format":"standard","meta":{"_kadence_starter_templates_imported_post":false,"_kad_post_transparent":"","_kad_post_title":"","_kad_post_layout":"","_kad_post_sidebar_id":"","_kad_post_content_style":"","_kad_post_vertical_padding":"","_kad_post_feature":"","_kad_post_feature_position":"","_kad_post_header":false,"_kad_post_footer":false,"_kad_post_classname":"","jetpack_post_was_ever_published":false,"_jetpack_newsletter_access":"","_jetpack_dont_email_post_to_subs":false,"_jetpack_newsletter_tier_id":0,"_jetpack_memberships_contains_paywalled_content":false,"_jetpack_memberships_contains_paid_content":false,"footnotes":""},"categories":[12],"tags":[306,537,49,112,50,318,21,267,147,52,329,36,249,118],"class_list":["post-38280","post","type-post","status-publish","format-standard","hentry","category-politics","tag-306","tag-age-assessment","tag-asylum-policy","tag-asylum-procedure","tag-asylum-seekers","tag-children","tag-family","tag-family-policy","tag-family-reunification","tag-french-language","tag-immigration-detention","tag-migration-policy","tag-report","tag-youth"],"jetpack_featured_media_url":"","jetpack_sharing_enabled":true,"_links":{"self":[{"href":"https:\/\/swissmig.unine.ch\/index.php?rest_route=\/wp\/v2\/posts\/38280","targetHints":{"allow":["GET"]}}],"collection":[{"href":"https:\/\/swissmig.unine.ch\/index.php?rest_route=\/wp\/v2\/posts"}],"about":[{"href":"https:\/\/swissmig.unine.ch\/index.php?rest_route=\/wp\/v2\/types\/post"}],"author":[{"embeddable":true,"href":"https:\/\/swissmig.unine.ch\/index.php?rest_route=\/wp\/v2\/users\/2"}],"replies":[{"embeddable":true,"href":"https:\/\/swissmig.unine.ch\/index.php?rest_route=%2Fwp%2Fv2%2Fcomments&post=38280"}],"version-history":[{"count":0,"href":"https:\/\/swissmig.unine.ch\/index.php?rest_route=\/wp\/v2\/posts\/38280\/revisions"}],"wp:attachment":[{"href":"https:\/\/swissmig.unine.ch\/index.php?rest_route=%2Fwp%2Fv2%2Fmedia&parent=38280"}],"wp:term":[{"taxonomy":"category","embeddable":true,"href":"https:\/\/swissmig.unine.ch\/index.php?rest_route=%2Fwp%2Fv2%2Fcategories&post=38280"},{"taxonomy":"post_tag","embeddable":true,"href":"https:\/\/swissmig.unine.ch\/index.php?rest_route=%2Fwp%2Fv2%2Ftags&post=38280"}],"curies":[{"name":"wp","href":"https:\/\/api.w.org\/{rel}","templated":true}]}}