{"id":3815,"date":"2020-06-01T08:00:57","date_gmt":"2020-06-01T07:00:57","guid":{"rendered":"https:\/\/swissmig.wordpress.com\/?p=3815"},"modified":"2020-06-01T08:00:57","modified_gmt":"2020-06-01T07:00:57","slug":"la-fragilisation-des-metacadres-sociaux-dans-le-contexte-de-lexil-force-quelles-repercussions-sur-la-transmission-psychique-a-propos-du-cas-des-descendants-dexiles-politiques-chi","status":"publish","type":"post","link":"https:\/\/swissmig.unine.ch\/?p=3815","title":{"rendered":"La fragilisation des m\u00e9tacadres sociaux dans le contexte de l\u2019exil forc\u00e9 : quelles r\u00e9percussions sur la transmission psychique ? A propos du cas des descendants d\u2019exil\u00e9s politiques chiliens en Suisse"},"content":{"rendered":"<h3>Author(s) : Manon Bourguignon, Muriel Katz-Gilbert<\/h3>\n<h3>Source : <a href=\"https:\/\/doi.org\/10.3917\/cpc.054.0131\" target=\"_blank\" rel=\"noopener\">https:\/\/doi.org\/10.3917\/cpc.054.0131<\/a><\/h3>\n<p><strong>Abstract: <\/strong><!--more--><\/p>\n<blockquote><p>&#8220;Lors de catastrophes sociales (Ka\u00ebs, 2009) l\u2019effondrement des m\u00e9tacadres sociaux d\u00e9stabilise <em class=\"marquage italique\">les formations m\u00e9tapychiques<\/em> qui sont \u00e0 la fois conditions de la vie psychique et de sa transmission. En situation d\u2019exil politique, en quoi et comment sont-ils fragilis\u00e9s, dans la\u00a0transmission des m\u00e9tacadres psychiques et en particulier des contrats identificatoires\u00a0? Ces questions sont explor\u00e9es ici dans le cas de sujets descendants d\u2019exil\u00e9s politiques chiliens vivant en Suisse, particuli\u00e8rement sous l\u2019angle du remaniement des appartenances affiliatives. Si nos r\u00e9sultats t\u00e9moignent de la singularit\u00e9 du travail de subjectivation de l\u2019h\u00e9ritage et la diversit\u00e9 des mouvements de transmission \u00e0 la nouvelle g\u00e9n\u00e9ration, ils mettent surtout en \u00e9vidence que l\u2019\u00e9tayage sur la dimension groupale favorise la reconstruction des garants m\u00e9tapsychiques soutenant ainsi le processus de transmission. A l\u2019inverse, lorsque cette dimension fait d\u00e9faut, la transmission de la n\u00e9gativit\u00e9 se perp\u00e9tue et s\u2019enracine.&#8221;<\/p>\n<p><strong>Mots-cl\u00e9s<\/strong> : transmission, remaniement identificatoire, catastrophe sociale, exil, m\u00e9tacadres sociaux<\/p>\n<p>&#8220;During social disasters (Ka\u00ebs, 2009), the collapse of social meta-frameworks destabilizes <em>meta-psychological formations<\/em>, which are the conditions both for psychological life and for its transmission. In a situation of political exile, in which way and how are these formations weakened, in the transmission of metapsychic guarantors and especially, the identificatory contracts? These questions are explored here in the case of descendants of Chilean political exiles living in Switzerland. This article focuses on the way affiliations are reshaping in the transmission while in exile. Our findings show the uniqueness of the subjectivation of heritage and the diversity of the movements of transmission to the new generation. However, they highlight in particular that support on the group level encourages the reconstruction of the meta-psychological guarantors, thus supporting the transmission process. Conversely, when this dimension is missing, the transmission of negativity is perpetuated and becomes embedded.&#8221;<\/p>\n<p><strong>Keywords<\/strong>: <span class=\"motcle\">transmission, <\/span><span class=\"motcle\">restructuring of identification, <\/span><span class=\"motcle\">social disaster, <\/span><span class=\"motcle\">exile, <\/span><span class=\"motcle\">social meta-frameworks<\/span><\/p>\n<p>&nbsp;<\/p><\/blockquote>\n<p>&nbsp;<\/p>\n","protected":false},"excerpt":{"rendered":"<p>Author(s) : Manon Bourguignon, Muriel Katz-Gilbert Source : https:\/\/doi.org\/10.3917\/cpc.054.0131 Abstract:<\/p>\n","protected":false},"author":4,"featured_media":0,"comment_status":"open","ping_status":"open","sticky":false,"template":"","format":"standard","meta":{"_kadence_starter_templates_imported_post":false,"_kad_post_transparent":"","_kad_post_title":"","_kad_post_layout":"","_kad_post_sidebar_id":"","_kad_post_content_style":"","_kad_post_vertical_padding":"","_kad_post_feature":"","_kad_post_feature_position":"","_kad_post_header":false,"_kad_post_footer":false,"_kad_post_classname":"","jetpack_post_was_ever_published":false,"_jetpack_newsletter_access":"","_jetpack_dont_email_post_to_subs":false,"_jetpack_newsletter_tier_id":0,"_jetpack_memberships_contains_paywalled_content":false,"_jetpack_memberships_contains_paid_content":false,"footnotes":""},"categories":[59],"tags":[654,7,281,471,434,151,136,121,613,52,185,326,339,394,145,42,470,416],"class_list":["post-3815","post","type-post","status-publish","format-standard","hentry","category-health","tag-654","tag-article","tag-belonging","tag-chileans","tag-clinical-case","tag-cultural-identity","tag-diasporas","tag-ethnic-minorities","tag-forced-migration","tag-french-language","tag-mental-health","tag-political-representation","tag-psychological-problems","tag-psychology","tag-second-generation","tag-social-psychology","tag-trauma","tag-violence"],"jetpack_featured_media_url":"","jetpack_sharing_enabled":true,"_links":{"self":[{"href":"https:\/\/swissmig.unine.ch\/index.php?rest_route=\/wp\/v2\/posts\/3815","targetHints":{"allow":["GET"]}}],"collection":[{"href":"https:\/\/swissmig.unine.ch\/index.php?rest_route=\/wp\/v2\/posts"}],"about":[{"href":"https:\/\/swissmig.unine.ch\/index.php?rest_route=\/wp\/v2\/types\/post"}],"author":[{"embeddable":true,"href":"https:\/\/swissmig.unine.ch\/index.php?rest_route=\/wp\/v2\/users\/4"}],"replies":[{"embeddable":true,"href":"https:\/\/swissmig.unine.ch\/index.php?rest_route=%2Fwp%2Fv2%2Fcomments&post=3815"}],"version-history":[{"count":0,"href":"https:\/\/swissmig.unine.ch\/index.php?rest_route=\/wp\/v2\/posts\/3815\/revisions"}],"wp:attachment":[{"href":"https:\/\/swissmig.unine.ch\/index.php?rest_route=%2Fwp%2Fv2%2Fmedia&parent=3815"}],"wp:term":[{"taxonomy":"category","embeddable":true,"href":"https:\/\/swissmig.unine.ch\/index.php?rest_route=%2Fwp%2Fv2%2Fcategories&post=3815"},{"taxonomy":"post_tag","embeddable":true,"href":"https:\/\/swissmig.unine.ch\/index.php?rest_route=%2Fwp%2Fv2%2Ftags&post=3815"}],"curies":[{"name":"wp","href":"https:\/\/api.w.org\/{rel}","templated":true}]}}