{"id":3812,"date":"2020-06-01T08:00:15","date_gmt":"2020-06-01T07:00:15","guid":{"rendered":"https:\/\/swissmig.wordpress.com\/?p=3812"},"modified":"2020-06-01T08:00:15","modified_gmt":"2020-06-01T07:00:15","slug":"le-defi-de-la-prise-en-charge-des-personnes-issues-de-la-migration","status":"publish","type":"post","link":"https:\/\/swissmig.unine.ch\/?p=3812","title":{"rendered":"Le d\u00e9fi de la prise en charge des personnes issues de la migration"},"content":{"rendered":"<h3>Author(s) : Kevin Morisod, Vishnuga Kanagaratnam, Flora Gobet, Julia Baldwin, Joud Al-Kaar, L\u00e9a Guarino, Ariane Pauli, Patrick Bodenmann<\/h3>\n<h3>Source : <a href=\"https:\/\/doi.org\/10.4414\/bms.2019.18384\" target=\"_blank\" rel=\"noopener\">https:\/\/doi.org\/10.4414\/bms.2019.18384<\/a><\/h3>\n<p><strong>Abstract: <\/strong><!--more--><\/p>\n<blockquote><p>&#8220;En Suisse, tout le monde n\u2019est pas \u00e9gal face au syst\u00e8me de sant\u00e9. Les personnes \u00adissues de la migration sont particuli\u00e8rement concern\u00e9es: le contexte socio-culturel, la barri\u00e8re linguistique et financi\u00e8re, le manque d\u2019information et parfois la \u00adm\u00e9fiance constituent pour elles des freins \u00e0 l\u2019acc\u00e8s aux soins. Sur mandat de la Conf\u00e9d\u00e9ration, Unisant\u00e9 a organis\u00e9 un Symposium romand sur l\u2019\u00e9quit\u00e9 des soins, avec l\u2019asile en focus. Le but est de mieux int\u00e9grer les migrants dans notre syst\u00e8me de sant\u00e9 et de davantage th\u00e9matiser cette probl\u00e9matique au niveau national. &#8220;<\/p><\/blockquote>\n<p>&nbsp;<\/p>\n","protected":false},"excerpt":{"rendered":"<p>Author(s) : Kevin Morisod, Vishnuga Kanagaratnam, Flora Gobet, Julia Baldwin,&#8230;<\/p>\n","protected":false},"author":4,"featured_media":0,"comment_status":"open","ping_status":"open","sticky":false,"template":"","format":"standard","meta":{"_kadence_starter_templates_imported_post":false,"_kad_post_transparent":"","_kad_post_title":"","_kad_post_layout":"","_kad_post_sidebar_id":"","_kad_post_content_style":"","_kad_post_vertical_padding":"","_kad_post_feature":"","_kad_post_feature_position":"","_kad_post_header":false,"_kad_post_footer":false,"_kad_post_classname":"","jetpack_post_was_ever_published":false,"_jetpack_newsletter_access":"","_jetpack_dont_email_post_to_subs":false,"_jetpack_newsletter_tier_id":0,"_jetpack_memberships_contains_paywalled_content":false,"_jetpack_memberships_contains_paid_content":false,"footnotes":""},"categories":[59],"tags":[582,556,7,50,79,52,157,280,236,480,103,91],"class_list":["post-3812","post","type-post","status-publish","format-standard","hentry","category-health","tag-582","tag-access-to-health-care","tag-article","tag-asylum-seekers","tag-equal-opportunities","tag-french-language","tag-health-care","tag-immigration-background","tag-language-barriers","tag-public-health","tag-refugees","tag-social-integration"],"jetpack_featured_media_url":"","jetpack_sharing_enabled":true,"_links":{"self":[{"href":"https:\/\/swissmig.unine.ch\/index.php?rest_route=\/wp\/v2\/posts\/3812","targetHints":{"allow":["GET"]}}],"collection":[{"href":"https:\/\/swissmig.unine.ch\/index.php?rest_route=\/wp\/v2\/posts"}],"about":[{"href":"https:\/\/swissmig.unine.ch\/index.php?rest_route=\/wp\/v2\/types\/post"}],"author":[{"embeddable":true,"href":"https:\/\/swissmig.unine.ch\/index.php?rest_route=\/wp\/v2\/users\/4"}],"replies":[{"embeddable":true,"href":"https:\/\/swissmig.unine.ch\/index.php?rest_route=%2Fwp%2Fv2%2Fcomments&post=3812"}],"version-history":[{"count":0,"href":"https:\/\/swissmig.unine.ch\/index.php?rest_route=\/wp\/v2\/posts\/3812\/revisions"}],"wp:attachment":[{"href":"https:\/\/swissmig.unine.ch\/index.php?rest_route=%2Fwp%2Fv2%2Fmedia&parent=3812"}],"wp:term":[{"taxonomy":"category","embeddable":true,"href":"https:\/\/swissmig.unine.ch\/index.php?rest_route=%2Fwp%2Fv2%2Fcategories&post=3812"},{"taxonomy":"post_tag","embeddable":true,"href":"https:\/\/swissmig.unine.ch\/index.php?rest_route=%2Fwp%2Fv2%2Ftags&post=3812"}],"curies":[{"name":"wp","href":"https:\/\/api.w.org\/{rel}","templated":true}]}}