{"id":3806,"date":"2020-05-25T08:00:38","date_gmt":"2020-05-25T07:00:38","guid":{"rendered":"https:\/\/swissmig.wordpress.com\/?p=3806"},"modified":"2020-05-25T08:00:38","modified_gmt":"2020-05-25T07:00:38","slug":"le-droit-a-la-sante-en-suisse-theories-et-realites-de-la-situation-des-requerants-dasile-et-sans-papiers","status":"publish","type":"post","link":"https:\/\/swissmig.unine.ch\/?p=3806","title":{"rendered":"Le droit \u00e0 la sant\u00e9 en Suisse : th\u00e9ories et r\u00e9alit\u00e9s  de la situation des requ\u00e9rants d\u2019asile et \u00absans-papiers\u00bb"},"content":{"rendered":"<h3>Author(s) : G\u00e9raldine Marks-Sultan, Dominique Sprumont<\/h3>\n<h3>Source : <a href=\"http:\/\/www.bioethica-forum.ch\/docs\/17_3-4\/07_Marks_BF10_03-04_2017.pdf\" target=\"_blank\" rel=\"noopener\">http:\/\/www.bioethica-forum.ch\/docs\/17_3-4\/07_Marks_BF10_03-04_2017.pdf<\/a><\/h3>\n<p><strong>Abstract: <\/strong><!--more--><\/p>\n<blockquote><p>&#8220;Theoretically guaranteed for all, the right to health finds limitations in its implementation towards asylum seekers and undocumented migrants in Switzerland. This viewpoint points out the various obstacles these populations face to access the healthcare they need. Through a human right approach, it illustrates the needed engagement of health professionals and social assistance workers to further prevent the suffering of these populations.&#8221;<\/p><\/blockquote>\n<p>&nbsp;<\/p>\n","protected":false},"excerpt":{"rendered":"<p>Author(s) : G\u00e9raldine Marks-Sultan, Dominique Sprumont Source : http:\/\/www.bioethica-forum.ch\/docs\/17_3-4\/07_Marks_BF10_03-04_2017.pdf Abstract:<\/p>\n","protected":false},"author":4,"featured_media":0,"comment_status":"open","ping_status":"open","sticky":false,"template":"","format":"standard","meta":{"_kadence_starter_templates_imported_post":false,"_kad_post_transparent":"","_kad_post_title":"","_kad_post_layout":"","_kad_post_sidebar_id":"","_kad_post_content_style":"","_kad_post_vertical_padding":"","_kad_post_feature":"","_kad_post_feature_position":"","_kad_post_header":false,"_kad_post_footer":false,"_kad_post_classname":"","jetpack_post_was_ever_published":false,"_jetpack_newsletter_access":"","_jetpack_dont_email_post_to_subs":false,"_jetpack_newsletter_tier_id":0,"_jetpack_memberships_contains_paywalled_content":false,"_jetpack_memberships_contains_paid_content":false,"footnotes":""},"categories":[59],"tags":[48,556,7,49,50,52,157,350,128,129,130,401,262],"class_list":["post-3806","post","type-post","status-publish","format-standard","hentry","category-health","tag-48","tag-access-to-health-care","tag-article","tag-asylum-policy","tag-asylum-seekers","tag-french-language","tag-health-care","tag-health-inequalities","tag-human-rights","tag-law","tag-right-to-health","tag-social-workers","tag-undocumented-immigrants"],"jetpack_featured_media_url":"","jetpack_sharing_enabled":true,"_links":{"self":[{"href":"https:\/\/swissmig.unine.ch\/index.php?rest_route=\/wp\/v2\/posts\/3806","targetHints":{"allow":["GET"]}}],"collection":[{"href":"https:\/\/swissmig.unine.ch\/index.php?rest_route=\/wp\/v2\/posts"}],"about":[{"href":"https:\/\/swissmig.unine.ch\/index.php?rest_route=\/wp\/v2\/types\/post"}],"author":[{"embeddable":true,"href":"https:\/\/swissmig.unine.ch\/index.php?rest_route=\/wp\/v2\/users\/4"}],"replies":[{"embeddable":true,"href":"https:\/\/swissmig.unine.ch\/index.php?rest_route=%2Fwp%2Fv2%2Fcomments&post=3806"}],"version-history":[{"count":0,"href":"https:\/\/swissmig.unine.ch\/index.php?rest_route=\/wp\/v2\/posts\/3806\/revisions"}],"wp:attachment":[{"href":"https:\/\/swissmig.unine.ch\/index.php?rest_route=%2Fwp%2Fv2%2Fmedia&parent=3806"}],"wp:term":[{"taxonomy":"category","embeddable":true,"href":"https:\/\/swissmig.unine.ch\/index.php?rest_route=%2Fwp%2Fv2%2Fcategories&post=3806"},{"taxonomy":"post_tag","embeddable":true,"href":"https:\/\/swissmig.unine.ch\/index.php?rest_route=%2Fwp%2Fv2%2Ftags&post=3806"}],"curies":[{"name":"wp","href":"https:\/\/api.w.org\/{rel}","templated":true}]}}