{"id":37982,"date":"2025-10-27T08:00:00","date_gmt":"2025-10-27T07:00:00","guid":{"rendered":"https:\/\/swissmig.wordpress.com\/?p=37982"},"modified":"2025-10-27T08:00:00","modified_gmt":"2025-10-27T07:00:00","slug":"vivre-la-frontiere-au-quotidien-portraits-de-trois-femmes-sans-statut-legal-a-geneve-comprendre-les-enjeux-de-limmigration-irreguliere-feminine-a-travers-une-perspective-intersectionnelle","status":"publish","type":"post","link":"https:\/\/swissmig.unine.ch\/?p=37982","title":{"rendered":"Vivre la fronti\u00e8re au quotidien : portraits de trois femmes sans statut l\u00e9gal \u00e0 Gen\u00e8ve : comprendre les enjeux de l&#8217;immigration irr\u00e9guli\u00e8re f\u00e9minine \u00e0 travers une perspective intersectionnelle"},"content":{"rendered":"\n<h3 class=\"wp-block-heading\">Author(s) : Lo\u00efse Sierro<\/h3>\n\n\n\n<h3 class=\"wp-block-heading\">Source : <a href=\"https:\/\/sonar.ch\/global\/documents\/330085\" target=\"_blank\" rel=\"noreferrer noopener\">https:\/\/sonar.ch\/global\/documents\/330085<\/a><\/h3>\n\n\n\n<p><strong>Abstract: <\/strong><\/p>\n\n\n\n<!--more-->\n\n\n\n<blockquote class=\"wp-block-quote is-layout-flow wp-block-quote-is-layout-flow\">\n<p>Ce travail pose la question suivante : quels sont les effets sp\u00e9cifiques de la fronti\u00e8re, en tant qu&#8217;objet sociologique, et des dispositifs de mise en \u0153uvre, sur les quotidiens de trois femmes d&#8217;origine br\u00e9silienne et sans statut l\u00e9gal ? L&#8217;auteur interroge les r\u00f4le des institutions de la fronti\u00e8re, notamment l\u00e9gislatives et juridiques en mati\u00e8re de droit des \u00e9trangers, tout en prenant compte de la dimension de genre, dans la production de discriminations, de pr\u00e9carit\u00e9 et de violences multiples.<\/p>\n<\/blockquote>\n","protected":false},"excerpt":{"rendered":"<p>Author(s) : Lo\u00efse Sierro Source : https:\/\/sonar.ch\/global\/documents\/330085 Abstract:<\/p>\n","protected":false},"author":4,"featured_media":0,"comment_status":"open","ping_status":"open","sticky":false,"template":"","format":"standard","meta":{"_kadence_starter_templates_imported_post":false,"_kad_post_transparent":"","_kad_post_title":"","_kad_post_layout":"","_kad_post_sidebar_id":"","_kad_post_content_style":"","_kad_post_vertical_padding":"","_kad_post_feature":"","_kad_post_feature_position":"","_kad_post_header":false,"_kad_post_footer":false,"_kad_post_classname":"","jetpack_post_was_ever_published":false,"_jetpack_newsletter_access":"","_jetpack_dont_email_post_to_subs":false,"_jetpack_newsletter_tier_id":0,"_jetpack_memberships_contains_paywalled_content":false,"_jetpack_memberships_contains_paid_content":false,"footnotes":""},"categories":[24],"tags":[739,292,51,199,52,341,555,294,807,150,262,416,144,201],"class_list":["post-37982","post","type-post","status-publish","format-standard","hentry","category-society-family-racism","tag-739","tag-bachelor-thesis","tag-borders","tag-brazilians","tag-french-language","tag-geneva","tag-intersectionality","tag-irregular-migration","tag-legal-status","tag-precarious-employment","tag-undocumented-immigrants","tag-violence","tag-vulnerability","tag-women"],"jetpack_featured_media_url":"","jetpack_sharing_enabled":true,"_links":{"self":[{"href":"https:\/\/swissmig.unine.ch\/index.php?rest_route=\/wp\/v2\/posts\/37982","targetHints":{"allow":["GET"]}}],"collection":[{"href":"https:\/\/swissmig.unine.ch\/index.php?rest_route=\/wp\/v2\/posts"}],"about":[{"href":"https:\/\/swissmig.unine.ch\/index.php?rest_route=\/wp\/v2\/types\/post"}],"author":[{"embeddable":true,"href":"https:\/\/swissmig.unine.ch\/index.php?rest_route=\/wp\/v2\/users\/4"}],"replies":[{"embeddable":true,"href":"https:\/\/swissmig.unine.ch\/index.php?rest_route=%2Fwp%2Fv2%2Fcomments&post=37982"}],"version-history":[{"count":0,"href":"https:\/\/swissmig.unine.ch\/index.php?rest_route=\/wp\/v2\/posts\/37982\/revisions"}],"wp:attachment":[{"href":"https:\/\/swissmig.unine.ch\/index.php?rest_route=%2Fwp%2Fv2%2Fmedia&parent=37982"}],"wp:term":[{"taxonomy":"category","embeddable":true,"href":"https:\/\/swissmig.unine.ch\/index.php?rest_route=%2Fwp%2Fv2%2Fcategories&post=37982"},{"taxonomy":"post_tag","embeddable":true,"href":"https:\/\/swissmig.unine.ch\/index.php?rest_route=%2Fwp%2Fv2%2Ftags&post=37982"}],"curies":[{"name":"wp","href":"https:\/\/api.w.org\/{rel}","templated":true}]}}