{"id":37974,"date":"2025-10-27T08:00:00","date_gmt":"2025-10-27T07:00:00","guid":{"rendered":"https:\/\/swissmig.wordpress.com\/?p=37974"},"modified":"2025-10-27T08:00:00","modified_gmt":"2025-10-27T07:00:00","slug":"arbeitsintegration-von-gefluchteten-mit-schutzstatus-in-der-schweiz-eine-bilanz","status":"publish","type":"post","link":"https:\/\/swissmig.unine.ch\/?p=37974","title":{"rendered":"Arbeitsintegration von Gefl\u00fcchteten mit Schutzstatus in der Schweiz: eine Bilanz"},"content":{"rendered":"\n<h3 class=\"wp-block-heading\">Author(s) : Miryam Eser Davolio, Tatjana Fenicia, Dilyara M\u00fcller-Suleymanova, Inna Vashkite<\/h3>\n\n\n\n<h3 class=\"wp-block-heading\">Source : <a href=\"http:\/\/dx.doi.org\/10.3262\/MIG2501075\" target=\"_blank\" rel=\"noreferrer noopener\">http:\/\/dx.doi.org\/10.3262\/MIG2501075<\/a><\/h3>\n\n\n\n<p><strong>Abstract: <\/strong><\/p>\n\n\n\n<!--more-->\n\n\n\n<blockquote class=\"wp-block-quote is-layout-flow wp-block-quote-is-layout-flow\">\n<p>Die Erwartungen an eine erfolgreiche berufliche Integration der Schutzsuchenden aus der Ukraine auf politischer und gesellschaftlicher Ebene sind hoch. Positive Voraussetzungen stellen das durchschnittlich hohe Ausbildungsniveau mit meist guten Englischkenntnissen, der niederschwellige Zugang zum Arbeitsmarkt sowie die Willkommenskultur getragen durch breite Bev\u00f6lkerungskreise und die ukrainische Diaspora, welche eine rasche soziale Vernetzung beg\u00fcnstigten, dar. Gleichzeitig bedeutet die hohe Zahl von Frauen mit Kindern unter den Schutzsuchenden eine Schwierigkeit f\u00fcr deren berufliche Integration, insbesondere was den Zugang zu Kinderbetreuung und Angebote frauenspezifischer F\u00f6rderma\u00dfnahmen betrifft. Der vorliegende Artikel fokussiert auf der Grundlage des aktuellen Forschungsstands und der Befunde der Monitoringstudie (Eser Davolio et al. 2024) zum Verlauf der beruflichen Integration der Schutzsuchenden aus der Ukraine im Kanton Z\u00fcrich auf die Frage, wie sich f\u00f6rderliche und hinderliche Faktoren auf die Arbeitsintegration auswirken und welche Unterst\u00fctzung die Soziale Arbeit diesbez\u00fcglich leisten kann. Die quantitativen (online-Befragung, N=389) und qualitativen Ergebnisse (vertiefende Interviews N=34) der Monitoringstudie zeigen, dass es trotz der vorteilhaften Startbedingungen der Personen mit Schutzstatus (kein Asylverfahren, rascher Zugang zu Arbeit und Wohnen) mehrere Einflussfaktoren gibt, die den Prozess ihrer Arbeitsintegration verlangsamen bzw. erschweren. Sie liefern somit wichtige Erkenntnisse f\u00fcr die Soziale Arbeit zu den Herausforderungen und Chancen der Arbeitsintegration dieser Zielgruppe.<\/p>\n<\/blockquote>\n","protected":false},"excerpt":{"rendered":"<p>Author(s) : Miryam Eser Davolio, Tatjana Fenicia, Dilyara M\u00fcller-Suleymanova, Inna&#8230;<\/p>\n","protected":false},"author":4,"featured_media":0,"comment_status":"open","ping_status":"open","sticky":false,"template":"","format":"standard","meta":{"_kadence_starter_templates_imported_post":false,"_kad_post_transparent":"","_kad_post_title":"","_kad_post_layout":"","_kad_post_sidebar_id":"","_kad_post_content_style":"","_kad_post_vertical_padding":"","_kad_post_feature":"","_kad_post_feature_position":"","_kad_post_header":false,"_kad_post_footer":false,"_kad_post_classname":"","jetpack_post_was_ever_published":false,"_jetpack_newsletter_access":"","_jetpack_dont_email_post_to_subs":false,"_jetpack_newsletter_tier_id":0,"_jetpack_memberships_contains_paywalled_content":false,"_jetpack_memberships_contains_paid_content":false,"footnotes":""},"categories":[16],"tags":[306,7,176,240,73,19,83,103,647,201,246],"class_list":["post-37974","post","type-post","status-publish","format-standard","hentry","category-economics","tag-306","tag-article","tag-economic-integration","tag-employment","tag-german-language","tag-labour-market","tag-labour-market-policy","tag-refugees","tag-ukrainians","tag-women","tag-zurich"],"jetpack_featured_media_url":"","jetpack_sharing_enabled":true,"_links":{"self":[{"href":"https:\/\/swissmig.unine.ch\/index.php?rest_route=\/wp\/v2\/posts\/37974","targetHints":{"allow":["GET"]}}],"collection":[{"href":"https:\/\/swissmig.unine.ch\/index.php?rest_route=\/wp\/v2\/posts"}],"about":[{"href":"https:\/\/swissmig.unine.ch\/index.php?rest_route=\/wp\/v2\/types\/post"}],"author":[{"embeddable":true,"href":"https:\/\/swissmig.unine.ch\/index.php?rest_route=\/wp\/v2\/users\/4"}],"replies":[{"embeddable":true,"href":"https:\/\/swissmig.unine.ch\/index.php?rest_route=%2Fwp%2Fv2%2Fcomments&post=37974"}],"version-history":[{"count":0,"href":"https:\/\/swissmig.unine.ch\/index.php?rest_route=\/wp\/v2\/posts\/37974\/revisions"}],"wp:attachment":[{"href":"https:\/\/swissmig.unine.ch\/index.php?rest_route=%2Fwp%2Fv2%2Fmedia&parent=37974"}],"wp:term":[{"taxonomy":"category","embeddable":true,"href":"https:\/\/swissmig.unine.ch\/index.php?rest_route=%2Fwp%2Fv2%2Fcategories&post=37974"},{"taxonomy":"post_tag","embeddable":true,"href":"https:\/\/swissmig.unine.ch\/index.php?rest_route=%2Fwp%2Fv2%2Ftags&post=37974"}],"curies":[{"name":"wp","href":"https:\/\/api.w.org\/{rel}","templated":true}]}}