{"id":37966,"date":"2025-10-20T08:00:00","date_gmt":"2025-10-20T07:00:00","guid":{"rendered":"https:\/\/swissmig.wordpress.com\/?p=37966"},"modified":"2025-10-20T08:00:00","modified_gmt":"2025-10-20T07:00:00","slug":"les-enjeux-juridiques-de-la-persecution-liee-au-genre-en-droit-dasile-suisse","status":"publish","type":"post","link":"https:\/\/swissmig.unine.ch\/?p=37966","title":{"rendered":"Les enjeux juridiques de la pers\u00e9cution li\u00e9e au genre en droit d\u2019asile suisse"},"content":{"rendered":"\n<h3 class=\"wp-block-heading\">Author(s) : Albulena Shahini<\/h3>\n\n\n\n<h3 class=\"wp-block-heading\">Source : <a href=\"https:\/\/iris.unil.ch\/handle\/iris\/142640\" target=\"_blank\" rel=\"noreferrer noopener\">https:\/\/iris.unil.ch\/handle\/iris\/142640<\/a><\/h3>\n\n\n\n<p><strong>Abstract: <\/strong><\/p>\n\n\n\n<!--more-->\n\n\n\n<blockquote class=\"wp-block-quote is-layout-flow wp-block-quote-is-layout-flow\">\n<p>Les pers\u00e9cutions li\u00e9es au genre constituent l&#8217;un des d\u00e9fis majeurs du droit d&#8217;asile contemporain.<br>Depuis l&#8217;adoption de la Convention de Gen\u00e8ve en 1951, la communaut\u00e9 internationale a<br>progressivement reconnu la n\u00e9cessit\u00e9 d&#8217;une protection sp\u00e9cifique pour les personnes victimes<br>de pers\u00e9cutions fond\u00e9es sur leur genre. Cette \u00e9volution refl\u00e8te une compr\u00e9hension plus fine des<br>formes de violence sp\u00e9cifiques longtemps rest\u00e9es dans l&#8217;angle mort du droit d&#8217;asile. Cependant,<br>un d\u00e9calage persiste entre ces progr\u00e8s normatifs et leur application effective dans la pratique du<br>droit d\u2019asile. Ce m\u00e9moire propose une analyse approfondie de la mani\u00e8re dont le droit suisse appr\u00e9hende et traite ces pers\u00e9cutions sp\u00e9cifiques. Apr\u00e8s un examen du cadre international et europ\u00e9en qui influence et oriente le droit national, l&#8217;analyse se concentre sur les particularit\u00e9s du syst\u00e8me juridique suisse.<\/p>\n<\/blockquote>\n","protected":false},"excerpt":{"rendered":"<p>Author(s) : Albulena Shahini Source : https:\/\/iris.unil.ch\/handle\/iris\/142640 Abstract:<\/p>\n","protected":false},"author":4,"featured_media":0,"comment_status":"open","ping_status":"open","sticky":false,"template":"","format":"standard","meta":{"_kadence_starter_templates_imported_post":false,"_kad_post_transparent":"","_kad_post_title":"","_kad_post_layout":"","_kad_post_sidebar_id":"","_kad_post_content_style":"","_kad_post_vertical_padding":"","_kad_post_feature":"","_kad_post_feature_position":"","_kad_post_header":false,"_kad_post_footer":false,"_kad_post_classname":"","jetpack_post_was_ever_published":false,"_jetpack_newsletter_access":"","_jetpack_dont_email_post_to_subs":false,"_jetpack_newsletter_tier_id":0,"_jetpack_memberships_contains_paywalled_content":false,"_jetpack_memberships_contains_paid_content":false,"footnotes":""},"categories":[53],"tags":[306,822,49,112,50,52,426,271,154,319,736,652,416],"class_list":["post-37966","post","type-post","status-publish","format-standard","hentry","category-law","tag-306","tag-asylum-audition","tag-asylum-policy","tag-asylum-procedure","tag-asylum-seekers","tag-french-language","tag-gender-related-persecution","tag-human-rights-violations","tag-interviews","tag-master-thesis","tag-narratives","tag-sexual-minorities","tag-violence"],"jetpack_featured_media_url":"","jetpack_sharing_enabled":true,"_links":{"self":[{"href":"https:\/\/swissmig.unine.ch\/index.php?rest_route=\/wp\/v2\/posts\/37966","targetHints":{"allow":["GET"]}}],"collection":[{"href":"https:\/\/swissmig.unine.ch\/index.php?rest_route=\/wp\/v2\/posts"}],"about":[{"href":"https:\/\/swissmig.unine.ch\/index.php?rest_route=\/wp\/v2\/types\/post"}],"author":[{"embeddable":true,"href":"https:\/\/swissmig.unine.ch\/index.php?rest_route=\/wp\/v2\/users\/4"}],"replies":[{"embeddable":true,"href":"https:\/\/swissmig.unine.ch\/index.php?rest_route=%2Fwp%2Fv2%2Fcomments&post=37966"}],"version-history":[{"count":0,"href":"https:\/\/swissmig.unine.ch\/index.php?rest_route=\/wp\/v2\/posts\/37966\/revisions"}],"wp:attachment":[{"href":"https:\/\/swissmig.unine.ch\/index.php?rest_route=%2Fwp%2Fv2%2Fmedia&parent=37966"}],"wp:term":[{"taxonomy":"category","embeddable":true,"href":"https:\/\/swissmig.unine.ch\/index.php?rest_route=%2Fwp%2Fv2%2Fcategories&post=37966"},{"taxonomy":"post_tag","embeddable":true,"href":"https:\/\/swissmig.unine.ch\/index.php?rest_route=%2Fwp%2Fv2%2Ftags&post=37966"}],"curies":[{"name":"wp","href":"https:\/\/api.w.org\/{rel}","templated":true}]}}