{"id":37923,"date":"2025-10-06T08:00:00","date_gmt":"2025-10-06T07:00:00","guid":{"rendered":"https:\/\/swissmig.wordpress.com\/?p=37923"},"modified":"2025-10-06T08:00:00","modified_gmt":"2025-10-06T07:00:00","slug":"repenser-la-migration-et-la-mobilite-perspectives-apportees-par-la-recherche-migration-und-mobilitat-weiterdenken-perspektiven-aus-der-forschung-ridefinire-la-migrazione-e-la-mobilita-prospett","status":"publish","type":"post","link":"https:\/\/swissmig.unine.ch\/?p=37923","title":{"rendered":"Repenser la migration et la mobilit\u00e9 : perspectives apport\u00e9es par la recherche = Migration und Mobilit\u00e4t weiterdenken: Perspektiven aus der Forschung = Ridefinire la migrazione e la mobilit\u00e0: prospettive dalla ricerca (terra cognita 41)"},"content":{"rendered":"\n<h3 class=\"wp-block-heading\">Source : <a href=\"https:\/\/www.terra-cognita.ch\/fileadmin\/user_upload\/terracognita\/documents\/terra_cognita_41_bf.pdf\" target=\"_blank\" rel=\"noreferrer noopener\">https:\/\/www.terra-cognita.ch\/fileadmin\/user_upload\/terracognita\/documents\/terra_cognita_41_bf.pdf<\/a><\/h3>\n\n\n\n<p><strong>Abstract: <\/strong><\/p>\n\n\n\n<!--more-->\n\n\n\n<blockquote class=\"wp-block-quote is-layout-flow wp-block-quote-is-layout-flow\">\n<p><strong>Editorial der Eidgen\u00f6ssischen Migrationskommission EKM: \u00dcber Grenzen gehen \/ \u00c9ditorial de la Commission f\u00e9d\u00e9rale des migrations CFM\u00a0: Aller au-del\u00e0 des fronti\u00e8res \/ Editoriale della Commissione federale della migrazione CFM : Superare i confini<\/strong><\/p>\n\n\n\n<p>Bettina Looser<\/p>\n\n\n\n<p><strong>Einleitung der Gastherausgeberinnen und -herausgeber: Migration und Mobilit\u00e4t weiterdenken \/ Introduction des \u00e9ditrices et \u00e9diteurs invit\u00e9s\u00a0: Repenser la migration et la mobilit\u00e9 \/ Introduzione delle editrici e degli editori ospiti : Ridefinire la migrazione e la mobilit\u00e0<\/strong><\/p>\n\n\n\n<p>Aldina Camenisch, Nora Bardelli, Janine Dahinden, Stefanie Kurt, Didier Ruedin, Philippe Wanner<\/p>\n\n\n\n<p><strong>Migrationsrecht und Chancengleichheit: Migrationsrecht betrifft alle<\/strong><\/p>\n\n\n\n<p>Stefanie Kurt<\/p>\n\n\n\n<p><strong>Surmonter les divergences d\u2019int\u00e9gration\u00a0: Pour une conception d\u00e9mocratique de l\u2019int\u00e9gration<\/strong><\/p>\n\n\n\n<p>Matteo Gianni<\/p>\n\n\n\n<p><strong>Technologien der (De-)Migrantisierung\u00a0: Who is a migrant?<\/strong><\/p>\n\n\n\n<p>Janine Dahinden<\/p>\n\n\n\n<p><strong>L\u2019immigration vers la Suisse\u00a0: Succ\u00e8s d\u2019ensemble et nouveaux d\u00e9fis<\/strong><\/p>\n\n\n\n<p>Etienne Piguet<\/p>\n\n\n\n<p><strong>Pl\u00e4doyer f\u00fcr eine solidarische Sozialpolitik: Soziale Rechte statt Migrationskontrolle<\/strong><\/p>\n\n\n\n<p>Lisa Marie Borrelli<\/p>\n\n\n\n<p><strong>Aushandlung von Werten in einer liberalen Gesellschaft: Von der Integration zur gelebten<\/strong> <strong>Demokratie<\/strong><\/p>\n\n\n\n<p>Stefan Manser-Egli<\/p>\n\n\n\n<p><strong>Politische Solidarit\u00e4t aus Minderheitenperspektive: Blickwechsel<\/strong><\/p>\n\n\n\n<p>Lea Portmann<\/p>\n\n\n\n<p><strong>Figli di persone immigrate alloglotte in Svizzera: I bambini con superpoteri<\/strong><\/p>\n\n\n\n<p>Val\u00e9rie Baggi<\/p>\n\n\n\n<p><strong>Red\u00e9finir l\u2019accueil\u00a0: Au-del\u00e0 du simple soutien<\/strong><\/p>\n\n\n\n<p>Vestin Hategekimana<\/p>\n\n\n\n<p><strong>Droits de l\u2019enfant et aide d\u2019urgence\u00a0: Une r\u00e9alit\u00e9 m\u00e9connue et des mesures n\u00e9cessaires<\/strong><\/p>\n\n\n\n<p>Cesla Amarelle<\/p>\n\n\n\n<p><strong>Rassismus und Schweizer Familienpolitik: Zwischen Amnesie und Aufarbeitung<\/strong><\/p>\n\n\n\n<p>Paola De Martin, Rohit Jain<\/p>\n\n\n\n<p><strong>Raccourcis g\u00e9n\u00e9rationnels dans l\u2019analyse des discriminations\u00a0: Les propos discriminatoires n\u2019ont pas d\u2019\u00e2ge !<\/strong><\/p>\n\n\n\n<p>Emmanuel Charmillot<\/p>\n\n\n\n<p><strong>Verwerfungen im europ\u00e4ischen Migrationssystem: Migration neu denken<\/strong><\/p>\n\n\n\n<p>Walter Leimgruber<\/p>\n\n\n\n<p><strong>Der Schutzstatus S und die Ungewissheit der permanenten Vorl\u00e4ufigkeit: Endloses Warten<\/strong><\/p>\n\n\n\n<p>Sophie Oldfield, Saskia Greyling, Oksana Ovsiiuk, Maja \u0141ysenia, Livia Tom\u00e1s, Ibrahim Soys\u00fcren<\/p>\n\n\n\n<p><strong>Niederlassung statt Mobilit\u00e4t: Der Fehlanreiz restriktiver Einwanderungspolitik<\/strong><\/p>\n\n\n\n<p>Philipp Lutz<\/p>\n\n\n\n<p><strong>Eine institutionelle Perspektive auf Migration: Migration als Wechsel der \u00abRegeln des Spiels\u00bb<\/strong><\/p>\n\n\n\n<p>Stefan Schlegel<\/p>\n\n\n\n<p><strong>Repenser les politiques publiques\u00a0: Les d\u00e9fis du vieillissement transnational<\/strong><\/p>\n\n\n\n<p>Livia Tom\u00e1s, Liliana Azevedo, Laura Ravazzini, Mihaela Nedelcu<\/p>\n\n\n\n<p><strong>F\u00fcr eine transnationale Erweiterung nationaler Demokratien: Europ\u00e4ische Integration neu denken<\/strong><\/p>\n\n\n\n<p>Joachim Blatter und Johannes Schulz<\/p>\n\n\n\n<p><strong>Eine postmigrantische Vision f\u00fcr eine faire Arbeitsteilung: Gleicher Zugang zu Erholung und Gesundheit<\/strong><\/p>\n\n\n\n<p>Dina Bolokan<\/p>\n\n\n\n<p><strong>Warum die Schweiz internationale Fachkr\u00e4fte verliert: \u00abThis country needs to be more welcoming\u00bb<\/strong><\/p>\n\n\n\n<p>Andreas Genoni, Nils Witte<\/p>\n\n\n\n<p><strong>Valoriser les comp\u00e9tences des femmes : potentiel invisible : femmes migrantes<\/strong><\/p>\n\n\n\n<p>M\u00e9linda Dinh<\/p>\n\n\n\n<p><strong>Les travailleurs essentiels au Royaume-Uni et en Suisse\u00a0: des avenirs alternatifs<\/strong><\/p>\n\n\n\n<p>Eloise Thompson, Carole Ammann<\/p>\n\n\n\n<p><strong>Professionnels et professionnelles issus de la migration\u00a0: R\u00e9cits de mobilit\u00e9 et de discriminations au quotidien<\/strong><\/p>\n\n\n\n<p>Rosita Fibbi, Robin St\u00fcnzi<\/p>\n\n\n\n<p><strong>Wie l\u00e4sst sich Brain-Waste in der Schweiz vermeiden? \u00abBin \u00d6konomin, arbeite aber als Putzfrau\u00bb<\/strong><\/p>\n\n\n\n<p>Yvonne Ria\u00f1o<\/p>\n\n\n\n<p><strong>Migration professionnelle en Suisse\u00a0: D\u00e9fis pour les 20 prochaines ann\u00e9es<\/strong><\/p>\n\n\n\n<p>Philippe Wanner<\/p>\n\n\n\n<p><strong>Gesellschaftspolitische Implikationen der nccr-Forschung: Abschliessende Reflexion \/ Implications sociopolitiques de la recherche du nccr\u00a0: R\u00e9flexion finale \/ Implicazioni socio-politiche della ricerca nccr: Riflessione conclusiva<\/strong><\/p>\n\n\n\n<p>Gianni D\u2019Amato<\/p>\n<\/blockquote>\n","protected":false},"excerpt":{"rendered":"<p>Source : https:\/\/www.terra-cognita.ch\/fileadmin\/user_upload\/terracognita\/documents\/terra_cognita_41_bf.pdf Abstract:<\/p>\n","protected":false},"author":4,"featured_media":0,"comment_status":"open","ping_status":"open","sticky":false,"template":"","format":"standard","meta":{"_kadence_starter_templates_imported_post":false,"_kad_post_transparent":"","_kad_post_title":"","_kad_post_layout":"","_kad_post_sidebar_id":"","_kad_post_content_style":"","_kad_post_vertical_padding":"","_kad_post_feature":"","_kad_post_feature_position":"","_kad_post_header":false,"_kad_post_footer":false,"_kad_post_classname":"","jetpack_post_was_ever_published":false,"_jetpack_newsletter_access":"","_jetpack_dont_email_post_to_subs":false,"_jetpack_newsletter_tier_id":0,"_jetpack_memberships_contains_paywalled_content":false,"_jetpack_memberships_contains_paid_content":false,"footnotes":""},"categories":[43],"tags":[306,767,317,562,318,252,263,82,121,52,73,153,40,41,461,66,36,110,692,334,327,166,510,264,91,26,201,384],"class_list":["post-37923","post","type-post","status-publish","format-standard","hentry","category-the-migration-phenomenon","tag-306","tag-admission-policy","tag-ageing","tag-book","tag-children","tag-democracy","tag-deskilling","tag-ethnic-discrimination","tag-ethnic-minorities","tag-french-language","tag-german-language","tag-health","tag-immigration-control","tag-integration","tag-italian-language","tag-migration","tag-migration-policy","tag-mobility","tag-public-policy","tag-racism","tag-research","tag-residence-permits","tag-short-term-residence-permit","tag-skills","tag-social-integration","tag-transnationalism","tag-women","tag-workers"],"jetpack_featured_media_url":"","jetpack_sharing_enabled":true,"_links":{"self":[{"href":"https:\/\/swissmig.unine.ch\/index.php?rest_route=\/wp\/v2\/posts\/37923","targetHints":{"allow":["GET"]}}],"collection":[{"href":"https:\/\/swissmig.unine.ch\/index.php?rest_route=\/wp\/v2\/posts"}],"about":[{"href":"https:\/\/swissmig.unine.ch\/index.php?rest_route=\/wp\/v2\/types\/post"}],"author":[{"embeddable":true,"href":"https:\/\/swissmig.unine.ch\/index.php?rest_route=\/wp\/v2\/users\/4"}],"replies":[{"embeddable":true,"href":"https:\/\/swissmig.unine.ch\/index.php?rest_route=%2Fwp%2Fv2%2Fcomments&post=37923"}],"version-history":[{"count":0,"href":"https:\/\/swissmig.unine.ch\/index.php?rest_route=\/wp\/v2\/posts\/37923\/revisions"}],"wp:attachment":[{"href":"https:\/\/swissmig.unine.ch\/index.php?rest_route=%2Fwp%2Fv2%2Fmedia&parent=37923"}],"wp:term":[{"taxonomy":"category","embeddable":true,"href":"https:\/\/swissmig.unine.ch\/index.php?rest_route=%2Fwp%2Fv2%2Fcategories&post=37923"},{"taxonomy":"post_tag","embeddable":true,"href":"https:\/\/swissmig.unine.ch\/index.php?rest_route=%2Fwp%2Fv2%2Ftags&post=37923"}],"curies":[{"name":"wp","href":"https:\/\/api.w.org\/{rel}","templated":true}]}}