{"id":37915,"date":"2025-09-16T18:00:00","date_gmt":"2025-09-16T17:00:00","guid":{"rendered":"https:\/\/swissmig.wordpress.com\/?p=37915"},"modified":"2025-09-16T18:00:00","modified_gmt":"2025-09-16T17:00:00","slug":"einwanderung-in-die-schweiz-demografische-situation-und-auswirkungen","status":"publish","type":"post","link":"https:\/\/swissmig.unine.ch\/?p=37915","title":{"rendered":"Einwanderung in die Schweiz: demografische Situation und Auswirkungen"},"content":{"rendered":"\n<h3 class=\"wp-block-heading\">Author(s) : Philippe Wanner<\/h3>\n\n\n\n<h3 class=\"wp-block-heading\">Source : <a href=\"https:\/\/dam-api.bfs.admin.ch\/hub\/api\/dam\/assets\/337505\/master\" target=\"_blank\" rel=\"noreferrer noopener\">https:\/\/dam-api.bfs.admin.ch\/hub\/api\/dam\/assets\/337505\/master<\/a><\/h3>\n\n\n\n<p><strong>Abstract: <\/strong><\/p>\n\n\n\n<!--more-->\n\n\n\n<blockquote class=\"wp-block-quote is-layout-flow wp-block-quote-is-layout-flow\">\n<p>Der Einfluss von Einwandererinnen und Einwanderern auf die demografische Entwicklung der Schweiz wird selten in seinen vielf\u00e4ltigen Auswirkungen zur Kenntnis genommen. Aus den wenigen Studien zum Thema geht jedoch hervor, dass sich das demografische Verhalten der ausl\u00e4ndischen Bev\u00f6lkerung wesentlich von jenem der schweizerischen Bev\u00f6lkerung unterscheidet. Weiter zeigen diese Arbeiten Merkmale der ausl\u00e4ndischen Bev\u00f6lkerung auf, die insbesondere im Rahmen der Sozial-, Familien- und Gesundheitspolitik unbedingt ber\u00fccksichtigt werden sollten.<\/p>\n<\/blockquote>\n","protected":false},"excerpt":{"rendered":"<p>Author(s) : Philippe Wanner Source : https:\/\/dam-api.bfs.admin.ch\/hub\/api\/dam\/assets\/337505\/master Abstract:<\/p>\n","protected":false},"author":4,"featured_media":0,"comment_status":"open","ping_status":"open","sticky":false,"template":"","format":"standard","meta":{"_kadence_starter_templates_imported_post":false,"_kad_post_transparent":"","_kad_post_title":"","_kad_post_layout":"","_kad_post_sidebar_id":"","_kad_post_content_style":"","_kad_post_vertical_padding":"","_kad_post_feature":"","_kad_post_feature_position":"","_kad_post_header":false,"_kad_post_footer":false,"_kad_post_classname":"","jetpack_post_was_ever_published":false,"_jetpack_newsletter_access":"","_jetpack_dont_email_post_to_subs":true,"_jetpack_newsletter_tier_id":0,"_jetpack_memberships_contains_paywalled_content":false,"_jetpack_memberships_contains_paid_content":false,"footnotes":""},"categories":[277],"tags":[101,120,552,191,28,73,17,531,249,143],"class_list":["post-37915","post","type-post","status-publish","format-standard","hentry","category-demography-statistics","tag-101","tag-data-analysis","tag-demographic-impact","tag-demography","tag-foreigners","tag-german-language","tag-immigrants","tag-population-dynamics","tag-report","tag-statistical-data"],"jetpack_featured_media_url":"","jetpack_sharing_enabled":true,"_links":{"self":[{"href":"https:\/\/swissmig.unine.ch\/index.php?rest_route=\/wp\/v2\/posts\/37915","targetHints":{"allow":["GET"]}}],"collection":[{"href":"https:\/\/swissmig.unine.ch\/index.php?rest_route=\/wp\/v2\/posts"}],"about":[{"href":"https:\/\/swissmig.unine.ch\/index.php?rest_route=\/wp\/v2\/types\/post"}],"author":[{"embeddable":true,"href":"https:\/\/swissmig.unine.ch\/index.php?rest_route=\/wp\/v2\/users\/4"}],"replies":[{"embeddable":true,"href":"https:\/\/swissmig.unine.ch\/index.php?rest_route=%2Fwp%2Fv2%2Fcomments&post=37915"}],"version-history":[{"count":0,"href":"https:\/\/swissmig.unine.ch\/index.php?rest_route=\/wp\/v2\/posts\/37915\/revisions"}],"wp:attachment":[{"href":"https:\/\/swissmig.unine.ch\/index.php?rest_route=%2Fwp%2Fv2%2Fmedia&parent=37915"}],"wp:term":[{"taxonomy":"category","embeddable":true,"href":"https:\/\/swissmig.unine.ch\/index.php?rest_route=%2Fwp%2Fv2%2Fcategories&post=37915"},{"taxonomy":"post_tag","embeddable":true,"href":"https:\/\/swissmig.unine.ch\/index.php?rest_route=%2Fwp%2Fv2%2Ftags&post=37915"}],"curies":[{"name":"wp","href":"https:\/\/api.w.org\/{rel}","templated":true}]}}