{"id":37911,"date":"2025-09-16T18:00:00","date_gmt":"2025-09-16T17:00:00","guid":{"rendered":"https:\/\/swissmig.wordpress.com\/?p=37911"},"modified":"2025-09-16T18:00:00","modified_gmt":"2025-09-16T17:00:00","slug":"melanges-demographiques","status":"publish","type":"post","link":"https:\/\/swissmig.unine.ch\/?p=37911","title":{"rendered":"M\u00e9langes d\u00e9mographiques"},"content":{"rendered":"\n<h3 class=\"wp-block-heading\">Author(s) : OCSTAT : Office cantonal de la statistique &#8211; Gen\u00e8ve<\/h3>\n\n\n\n<h3 class=\"wp-block-heading\">Source : <a href=\"https:\/\/statistique.ge.ch\/tel\/publications\/1993\/analyses\/aspects\/an-as-1993-93.pdf\" target=\"_blank\" rel=\"noreferrer noopener\">https:\/\/statistique.ge.ch\/tel\/publications\/1993\/analyses\/aspects\/an-as-1993-93.pdf<\/a><\/h3>\n\n\n\n<p><strong>Abstract: <\/strong><\/p>\n\n\n\n<!--more-->\n\n\n\n<blockquote class=\"wp-block-quote is-layout-flow wp-block-quote-is-layout-flow\">\n<p>Sommaire : Natalit\u00e9 et f\u00e9condit\u00e9 g\u00e9n\u00e9rale \u00e0 Gen\u00e8ve : vingt ans d&#8217;\u00e9volution \/ \u00c9trangers r\u00e9sidant \u00e0 Gen\u00e8ve : depuis quand ? \/ Acquisition de la nationalit\u00e9 suisse par des \u00e9trangers r\u00e9sidant dans le canton<\/p>\n<\/blockquote>\n","protected":false},"excerpt":{"rendered":"<p>Author(s) : OCSTAT : Office cantonal de la statistique &#8211;&#8230;<\/p>\n","protected":false},"author":4,"featured_media":0,"comment_status":"open","ping_status":"open","sticky":false,"template":"","format":"standard","meta":{"_kadence_starter_templates_imported_post":false,"_kad_post_transparent":"","_kad_post_title":"","_kad_post_layout":"","_kad_post_sidebar_id":"","_kad_post_content_style":"","_kad_post_vertical_padding":"","_kad_post_feature":"","_kad_post_feature_position":"","_kad_post_header":false,"_kad_post_footer":false,"_kad_post_classname":"","jetpack_post_was_ever_published":false,"_jetpack_newsletter_access":"","_jetpack_dont_email_post_to_subs":true,"_jetpack_newsletter_tier_id":0,"_jetpack_memberships_contains_paywalled_content":false,"_jetpack_memberships_contains_paid_content":false,"footnotes":""},"categories":[277],"tags":[533,120,137,52,341,87,820,20,356,110,93,103,249,143],"class_list":["post-37911","post","type-post","status-publish","format-standard","hentry","category-demography-statistics","tag-533","tag-data-analysis","tag-emigration","tag-french-language","tag-geneva","tag-history","tag-immigration","tag-migration-flows","tag-migratory-status","tag-mobility","tag-naturalization","tag-refugees","tag-report","tag-statistical-data"],"jetpack_featured_media_url":"","jetpack_sharing_enabled":true,"_links":{"self":[{"href":"https:\/\/swissmig.unine.ch\/index.php?rest_route=\/wp\/v2\/posts\/37911","targetHints":{"allow":["GET"]}}],"collection":[{"href":"https:\/\/swissmig.unine.ch\/index.php?rest_route=\/wp\/v2\/posts"}],"about":[{"href":"https:\/\/swissmig.unine.ch\/index.php?rest_route=\/wp\/v2\/types\/post"}],"author":[{"embeddable":true,"href":"https:\/\/swissmig.unine.ch\/index.php?rest_route=\/wp\/v2\/users\/4"}],"replies":[{"embeddable":true,"href":"https:\/\/swissmig.unine.ch\/index.php?rest_route=%2Fwp%2Fv2%2Fcomments&post=37911"}],"version-history":[{"count":0,"href":"https:\/\/swissmig.unine.ch\/index.php?rest_route=\/wp\/v2\/posts\/37911\/revisions"}],"wp:attachment":[{"href":"https:\/\/swissmig.unine.ch\/index.php?rest_route=%2Fwp%2Fv2%2Fmedia&parent=37911"}],"wp:term":[{"taxonomy":"category","embeddable":true,"href":"https:\/\/swissmig.unine.ch\/index.php?rest_route=%2Fwp%2Fv2%2Fcategories&post=37911"},{"taxonomy":"post_tag","embeddable":true,"href":"https:\/\/swissmig.unine.ch\/index.php?rest_route=%2Fwp%2Fv2%2Ftags&post=37911"}],"curies":[{"name":"wp","href":"https:\/\/api.w.org\/{rel}","templated":true}]}}