{"id":37909,"date":"2025-09-16T18:00:00","date_gmt":"2025-09-16T17:00:00","guid":{"rendered":"https:\/\/swissmig.wordpress.com\/?p=37909"},"modified":"2025-09-16T18:00:00","modified_gmt":"2025-09-16T17:00:00","slug":"mouvements-migratoires-exterieurs-du-canton-de-geneve-de-1989-a-1997","status":"publish","type":"post","link":"https:\/\/swissmig.unine.ch\/?p=37909","title":{"rendered":"Mouvements migratoires ext\u00e9rieurs du canton de Gen\u00e8ve, de 1989 \u00e0 1997"},"content":{"rendered":"\n<h3 class=\"wp-block-heading\">Author(s) : OCSTAT : Office cantonal de la statistique &#8211; Gen\u00e8ve<\/h3>\n\n\n\n<h3 class=\"wp-block-heading\">Source : <a href=\"https:\/\/statistique.ge.ch\/tel\/publications\/1999\/analyses\/communications\/an-cs-1999-05.pdf\" target=\"_blank\" rel=\"noreferrer noopener\">https:\/\/statistique.ge.ch\/tel\/publications\/1999\/analyses\/communications\/an-cs-1999-05.pdf<\/a><\/h3>\n\n\n\n<p><strong>Abstract: <\/strong><\/p>\n\n\n\n<!--more-->\n\n\n\n<blockquote class=\"wp-block-quote is-layout-flow wp-block-quote-is-layout-flow\">\n<p>Au d\u00e9but de 1997, un communiqu\u00e9 de presse de l\u2019Office f\u00e9d\u00e9ral de la statistique (OFS) portant sur les r\u00e9sultats du bilan d\u00e9mographique de la Suisse de l\u2019ann\u00e9e 1996, mettait l\u2019accent sur un net ralentissement de l\u2019augmentation de la population au cours de l\u2019ann\u00e9e \u00e9coul\u00e9e. L\u2019OFS relevait que parmi l\u2019ensemble des facteurs de l\u2019\u00e9volution de la population, le fl\u00e9chissement de l\u2019exc\u00e9dent migratoire \u00e9tranger \u00e9tait celui qui avait pes\u00e9 le plus lourdement sur la r\u00e9gression de l\u2019ensemble du gain d\u00e9mographique, pr\u00e9cisant encore que \u00ab l\u2019immigration d\u2019\u00e9trangers diminue depuis 1991, alors<br>que le nombre de retours d\u2019immigr\u00e9s dans leur pays d\u2019origine est rest\u00e9 stable \u00bb. Cette \u00e9volution s\u2019est confirm\u00e9e au cours de l\u2019ann\u00e9e 1997. Sur le plan cantonal genevois, le m\u00eame ph\u00e9nom\u00e8ne avait \u00e9t\u00e9 constat\u00e9 et comment\u00e9 une ann\u00e9e auparavant. Cette tendance s\u2019est d\u2019ailleurs encore renforc\u00e9e en 1996 et 1997.<\/p>\n<\/blockquote>\n","protected":false},"excerpt":{"rendered":"<p>Author(s) : OCSTAT : Office cantonal de la statistique &#8211;&#8230;<\/p>\n","protected":false},"author":4,"featured_media":0,"comment_status":"open","ping_status":"open","sticky":false,"template":"","format":"standard","meta":{"_kadence_starter_templates_imported_post":false,"_kad_post_transparent":"","_kad_post_title":"","_kad_post_layout":"","_kad_post_sidebar_id":"","_kad_post_content_style":"","_kad_post_vertical_padding":"","_kad_post_feature":"","_kad_post_feature_position":"","_kad_post_header":false,"_kad_post_footer":false,"_kad_post_classname":"","jetpack_post_was_ever_published":false,"_jetpack_newsletter_access":"","_jetpack_dont_email_post_to_subs":true,"_jetpack_newsletter_tier_id":0,"_jetpack_memberships_contains_paywalled_content":false,"_jetpack_memberships_contains_paid_content":false,"footnotes":""},"categories":[277],"tags":[425,120,137,52,341,87,820,20,356,110,103,249,143],"class_list":["post-37909","post","type-post","status-publish","format-standard","hentry","category-demography-statistics","tag-425","tag-data-analysis","tag-emigration","tag-french-language","tag-geneva","tag-history","tag-immigration","tag-migration-flows","tag-migratory-status","tag-mobility","tag-refugees","tag-report","tag-statistical-data"],"jetpack_featured_media_url":"","jetpack_sharing_enabled":true,"_links":{"self":[{"href":"https:\/\/swissmig.unine.ch\/index.php?rest_route=\/wp\/v2\/posts\/37909","targetHints":{"allow":["GET"]}}],"collection":[{"href":"https:\/\/swissmig.unine.ch\/index.php?rest_route=\/wp\/v2\/posts"}],"about":[{"href":"https:\/\/swissmig.unine.ch\/index.php?rest_route=\/wp\/v2\/types\/post"}],"author":[{"embeddable":true,"href":"https:\/\/swissmig.unine.ch\/index.php?rest_route=\/wp\/v2\/users\/4"}],"replies":[{"embeddable":true,"href":"https:\/\/swissmig.unine.ch\/index.php?rest_route=%2Fwp%2Fv2%2Fcomments&post=37909"}],"version-history":[{"count":0,"href":"https:\/\/swissmig.unine.ch\/index.php?rest_route=\/wp\/v2\/posts\/37909\/revisions"}],"wp:attachment":[{"href":"https:\/\/swissmig.unine.ch\/index.php?rest_route=%2Fwp%2Fv2%2Fmedia&parent=37909"}],"wp:term":[{"taxonomy":"category","embeddable":true,"href":"https:\/\/swissmig.unine.ch\/index.php?rest_route=%2Fwp%2Fv2%2Fcategories&post=37909"},{"taxonomy":"post_tag","embeddable":true,"href":"https:\/\/swissmig.unine.ch\/index.php?rest_route=%2Fwp%2Fv2%2Ftags&post=37909"}],"curies":[{"name":"wp","href":"https:\/\/api.w.org\/{rel}","templated":true}]}}