{"id":37906,"date":"2025-09-29T08:00:00","date_gmt":"2025-09-29T07:00:00","guid":{"rendered":"https:\/\/swissmig.wordpress.com\/?p=37906"},"modified":"2025-09-29T08:00:00","modified_gmt":"2025-09-29T07:00:00","slug":"culture-et-diversite-dans-la-formation-du-corps-enseignant-une-reflexion-anthropologique-et-pedagogique","status":"publish","type":"post","link":"https:\/\/swissmig.unine.ch\/?p=37906","title":{"rendered":"Culture et diversit\u00e9 dans la formation du corps enseignant : une r\u00e9flexion anthropologique et p\u00e9dagogique"},"content":{"rendered":"\n<h3 class=\"wp-block-heading\">Author(s) : Moira Laffranchini<\/h3>\n\n\n\n<h3 class=\"wp-block-heading\">Source : <a href=\"https:\/\/doi.org\/10.51186\/journals\/ed.2025.15-1.e1696\" target=\"_blank\" rel=\"noreferrer noopener\">https:\/\/doi.org\/10.51186\/journals\/ed.2025.15-1.e1696<\/a><\/h3>\n\n\n\n<p><strong>Abstract: <\/strong><\/p>\n\n\n\n<!--more-->\n\n\n\n<blockquote class=\"wp-block-quote is-layout-flow wp-block-quote-is-layout-flow\">\n<p>Cet article explore la formation des enseignant-es \u00e0 la diversit\u00e9 culturelle en s\u2019appuyant sur une perspective anthropologique et p\u00e9dagogique. Il s\u2019inscrit dans le contexte d\u2019une soci\u00e9t\u00e9 globalis\u00e9e o\u00f9 les interactions culturelles et les tensions identitaires sont omnipr\u00e9sentes, et o\u00f9 les approches interculturelles peinent \u00e0 s\u2019ancrer dans des pratiques \u00e9ducatives concr\u00e8tes. \u00c0 travers une d\u00e9marche auto-ethnographique, l\u2019article met en \u00e9vidence l\u2019importance de d\u00e9passer les conceptions fig\u00e9es de la culture pour transformer la posture professionnelle du corps enseignant. L\u2019analyse repose sur deux axes principaux : une critique des conceptions universalistes et statiques de la culture, illustr\u00e9e par des th\u00e9ories anthropologiques fondatrices, et une exploration des approches relationnelles et critiques, centr\u00e9es sur la fluidit\u00e9 des identit\u00e9s et des interactions sociales. L\u2019objectif est d\u2019amener les enseignant-es \u00e0 adopter une posture r\u00e9flexive et critique, en valorisant une <em>Weltanschauung<\/em> (vision du monde) ouverte et dynamique. Cette approche propose une \u00e9ducation interculturelle transformatrice, permettant de reconna\u00eetre les diversit\u00e9s et de les d\u00e9passer pour r\u00e9pondre aux d\u00e9fis complexes des soci\u00e9t\u00e9s contemporaines.<\/p>\n\n\n\n<p><strong>Mots-cl\u00e9s<\/strong> : anthropologie de l\u2019\u00e9ducation, culture, diversit\u00e9 culturelle, \u00e9ducation interculturelle, formation du corps enseignant<\/p>\n<\/blockquote>\n","protected":false},"excerpt":{"rendered":"<p>Author(s) : Moira Laffranchini Source : https:\/\/doi.org\/10.51186\/journals\/ed.2025.15-1.e1696 Abstract:<\/p>\n","protected":false},"author":4,"featured_media":0,"comment_status":"open","ping_status":"open","sticky":false,"template":"","format":"standard","meta":{"_kadence_starter_templates_imported_post":false,"_kad_post_transparent":"","_kad_post_title":"","_kad_post_layout":"","_kad_post_sidebar_id":"","_kad_post_content_style":"","_kad_post_vertical_padding":"","_kad_post_feature":"","_kad_post_feature_position":"","_kad_post_header":false,"_kad_post_footer":false,"_kad_post_classname":"","jetpack_post_was_ever_published":false,"_jetpack_newsletter_access":"","_jetpack_dont_email_post_to_subs":false,"_jetpack_newsletter_tier_id":0,"_jetpack_memberships_contains_paywalled_content":false,"_jetpack_memberships_contains_paid_content":false,"footnotes":""},"categories":[61],"tags":[306,7,400,409,493,77,52,114,410,371],"class_list":["post-37906","post","type-post","status-publish","format-standard","hentry","category-education","tag-306","tag-article","tag-cultural-competency","tag-cultural-diversity","tag-diversity-management","tag-education-policy","tag-french-language","tag-intercultural-education","tag-teacher-education","tag-vocational-training"],"jetpack_featured_media_url":"","jetpack_sharing_enabled":true,"_links":{"self":[{"href":"https:\/\/swissmig.unine.ch\/index.php?rest_route=\/wp\/v2\/posts\/37906","targetHints":{"allow":["GET"]}}],"collection":[{"href":"https:\/\/swissmig.unine.ch\/index.php?rest_route=\/wp\/v2\/posts"}],"about":[{"href":"https:\/\/swissmig.unine.ch\/index.php?rest_route=\/wp\/v2\/types\/post"}],"author":[{"embeddable":true,"href":"https:\/\/swissmig.unine.ch\/index.php?rest_route=\/wp\/v2\/users\/4"}],"replies":[{"embeddable":true,"href":"https:\/\/swissmig.unine.ch\/index.php?rest_route=%2Fwp%2Fv2%2Fcomments&post=37906"}],"version-history":[{"count":0,"href":"https:\/\/swissmig.unine.ch\/index.php?rest_route=\/wp\/v2\/posts\/37906\/revisions"}],"wp:attachment":[{"href":"https:\/\/swissmig.unine.ch\/index.php?rest_route=%2Fwp%2Fv2%2Fmedia&parent=37906"}],"wp:term":[{"taxonomy":"category","embeddable":true,"href":"https:\/\/swissmig.unine.ch\/index.php?rest_route=%2Fwp%2Fv2%2Fcategories&post=37906"},{"taxonomy":"post_tag","embeddable":true,"href":"https:\/\/swissmig.unine.ch\/index.php?rest_route=%2Fwp%2Fv2%2Ftags&post=37906"}],"curies":[{"name":"wp","href":"https:\/\/api.w.org\/{rel}","templated":true}]}}