{"id":37889,"date":"2025-09-10T16:46:00","date_gmt":"2025-09-10T15:46:00","guid":{"rendered":"https:\/\/swissmig.wordpress.com\/?p=37889"},"modified":"2025-09-10T16:46:00","modified_gmt":"2025-09-10T15:46:00","slug":"lemigration-des-suisses-hors-du-canton-de-geneve-vue-densemble-et-resultats-dune-enquete-realisee-en-1989-et-1990-aupres-des-suisses-quittant-geneve-pour-le-canton-de-vaud-ou-les-departements-d","status":"publish","type":"post","link":"https:\/\/swissmig.unine.ch\/?p=37889","title":{"rendered":"L&#8217;\u00e9migration des Suisses hors du canton de Gen\u00e8ve. Vue d&#8217;ensemble et r\u00e9sultats d&#8217;une enqu\u00eate r\u00e9alis\u00e9e en 1989 et 1990 aupr\u00e8s des Suisses quittant Gen\u00e8ve pour le canton de Vaud ou les d\u00e9partements de l&#8217;Ain et de la Haute-Savoie"},"content":{"rendered":"\n<h3 class=\"wp-block-heading\">Author(s) : Paul-Henri Girard<\/h3>\n\n\n\n<h3 class=\"wp-block-heading\">Source : <a href=\"https:\/\/statistique.ge.ch\/tel\/publications\/1990\/analyses\/aspects\/an-as-1990-80.pdf\" target=\"_blank\" rel=\"noreferrer noopener\">https:\/\/statistique.ge.ch\/tel\/publications\/1990\/analyses\/aspects\/an-as-1990-80.pdf<\/a><\/h3>\n\n\n\n<p><strong>Abstract: <\/strong><\/p>\n\n\n\n<!--more-->\n\n\n\n<blockquote class=\"wp-block-quote is-layout-flow wp-block-quote-is-layout-flow\">\n<p>Au cours des ann\u00e9es septante, le solde migratoire suisse du canton de Gen\u00e8ve, constamment<br>positif depuis l&#8217;apr\u00e8s-guerre, montre des signes d&#8217;essoufflement et, certaines ann\u00e9es, passe dans<br>les chiffres rouges. Jusqu&#8217;aux environs de 1984, ces pertes migratoires de Suisses demeurent mod\u00e9r\u00e9es, mais depuis lors on peut noter une subite acc\u00e9l\u00e9ration du d\u00e9ficit. Cette constatation a incit\u00e9 le Service cantonal de statistique \u00e0 suivre de plus pr\u00e8s, d\u00e8s 1984, les d\u00e9parts de Suisses hors du canton. Dans un premier temps, l&#8217;analyse a port\u00e9 sur l&#8217;\u00e9volution quantitative des flux migratoires et, dans un deuxi\u00e8me temps, sur les motifs d&#8217;\u00e9migration des Suisses quittant le canton en direction de la zone limitrophe.<\/p>\n<\/blockquote>\n","protected":false},"excerpt":{"rendered":"<p>Author(s) : Paul-Henri Girard Source : https:\/\/statistique.ge.ch\/tel\/publications\/1990\/analyses\/aspects\/an-as-1990-80.pdf Abstract:<\/p>\n","protected":false},"author":4,"featured_media":0,"comment_status":"open","ping_status":"open","sticky":false,"template":"","format":"standard","meta":{"_kadence_starter_templates_imported_post":false,"_kad_post_transparent":"","_kad_post_title":"","_kad_post_layout":"","_kad_post_sidebar_id":"","_kad_post_content_style":"","_kad_post_vertical_padding":"","_kad_post_feature":"","_kad_post_feature_position":"","_kad_post_header":false,"_kad_post_footer":false,"_kad_post_classname":"","jetpack_post_was_ever_published":false,"_jetpack_newsletter_access":"","_jetpack_dont_email_post_to_subs":true,"_jetpack_newsletter_tier_id":0,"_jetpack_memberships_contains_paywalled_content":false,"_jetpack_memberships_contains_paid_content":false,"footnotes":""},"categories":[43],"tags":[550,7,552,191,137,197,52,341,87,133,20,138,103,143,370],"class_list":["post-37889","post","type-post","status-publish","format-standard","hentry","category-the-migration-phenomenon","tag-550","tag-article","tag-demographic-impact","tag-demography","tag-emigration","tag-france","tag-french-language","tag-geneva","tag-history","tag-immigrant-policy","tag-migration-flows","tag-migration-motives","tag-refugees","tag-statistical-data","tag-vaud"],"jetpack_featured_media_url":"","jetpack_sharing_enabled":true,"_links":{"self":[{"href":"https:\/\/swissmig.unine.ch\/index.php?rest_route=\/wp\/v2\/posts\/37889","targetHints":{"allow":["GET"]}}],"collection":[{"href":"https:\/\/swissmig.unine.ch\/index.php?rest_route=\/wp\/v2\/posts"}],"about":[{"href":"https:\/\/swissmig.unine.ch\/index.php?rest_route=\/wp\/v2\/types\/post"}],"author":[{"embeddable":true,"href":"https:\/\/swissmig.unine.ch\/index.php?rest_route=\/wp\/v2\/users\/4"}],"replies":[{"embeddable":true,"href":"https:\/\/swissmig.unine.ch\/index.php?rest_route=%2Fwp%2Fv2%2Fcomments&post=37889"}],"version-history":[{"count":0,"href":"https:\/\/swissmig.unine.ch\/index.php?rest_route=\/wp\/v2\/posts\/37889\/revisions"}],"wp:attachment":[{"href":"https:\/\/swissmig.unine.ch\/index.php?rest_route=%2Fwp%2Fv2%2Fmedia&parent=37889"}],"wp:term":[{"taxonomy":"category","embeddable":true,"href":"https:\/\/swissmig.unine.ch\/index.php?rest_route=%2Fwp%2Fv2%2Fcategories&post=37889"},{"taxonomy":"post_tag","embeddable":true,"href":"https:\/\/swissmig.unine.ch\/index.php?rest_route=%2Fwp%2Fv2%2Ftags&post=37889"}],"curies":[{"name":"wp","href":"https:\/\/api.w.org\/{rel}","templated":true}]}}