{"id":37879,"date":"2025-09-10T16:30:00","date_gmt":"2025-09-10T15:30:00","guid":{"rendered":"https:\/\/swissmig.wordpress.com\/?p=37879"},"modified":"2025-09-10T16:30:00","modified_gmt":"2025-09-10T15:30:00","slug":"geographie-des-groupes-nationaux-dans-les-quartiers-de-la-ville-de-geneve","status":"publish","type":"post","link":"https:\/\/swissmig.unine.ch\/?p=37879","title":{"rendered":"G\u00e9ographie des groupes nationaux dans les quartiers de la Ville de Gen\u00e8ve"},"content":{"rendered":"\n<h3 class=\"wp-block-heading\">Author(s) : Pierre Raffestin<\/h3>\n\n\n\n<h3 class=\"wp-block-heading\">Source : <a href=\"https:\/\/archive-ouverte.unige.ch\/unige:4496\" target=\"_blank\" rel=\"noreferrer noopener\">https:\/\/archive-ouverte.unige.ch\/unige:4496<\/a><\/h3>\n\n\n\n<p><strong>Abstract: <\/strong><\/p>\n\n\n\n<!--more-->\n\n\n\n<blockquote class=\"wp-block-quote is-layout-flow wp-block-quote-is-layout-flow\">\n<p>L&#8217;auteur tente de mettre en \u00e9vidence, \u00e0 travers une m\u00e9thode quantitative simple, la description de la localisation des diff\u00e9rents groupes nationaux dans la ville de Gen\u00e8ve. On voit tr\u00e8s nettement s&#8217;opposer ce qu&#8217;on peut appeler le groupe Nord et le groupe Sud, le groupe fran\u00e7ais \u00e9tant un groupe interm\u00e9diaire plus ubiquiste que les autres. La localisation laisse appara\u00eetre le r\u00f4le du facteur socio-\u00e9conomique encore qu&#8217;il soit malais\u00e9 faute d&#8217;informations pr\u00e9cises d&#8217;en appr\u00e9cier toute l&#8217;importance.<\/p>\n<\/blockquote>\n","protected":false},"excerpt":{"rendered":"<p>Author(s) : Pierre Raffestin Source : https:\/\/archive-ouverte.unige.ch\/unige:4496 Abstract:<\/p>\n","protected":false},"author":4,"featured_media":0,"comment_status":"open","ping_status":"open","sticky":false,"template":"","format":"standard","meta":{"_kadence_starter_templates_imported_post":false,"_kad_post_transparent":"","_kad_post_title":"","_kad_post_layout":"","_kad_post_sidebar_id":"","_kad_post_content_style":"","_kad_post_vertical_padding":"","_kad_post_feature":"","_kad_post_feature_position":"","_kad_post_header":false,"_kad_post_footer":false,"_kad_post_classname":"","jetpack_post_was_ever_published":false,"_jetpack_newsletter_access":"","_jetpack_dont_email_post_to_subs":true,"_jetpack_newsletter_tier_id":0,"_jetpack_memberships_contains_paywalled_content":false,"_jetpack_memberships_contains_paid_content":false,"footnotes":""},"categories":[109],"tags":[827,7,164,52,341,108,133,103,166,376,392],"class_list":["post-37879","post","type-post","status-publish","format-standard","hentry","category-human-geography","tag-827","tag-article","tag-exclusion","tag-french-language","tag-geneva","tag-geography","tag-immigrant-policy","tag-refugees","tag-residence-permits","tag-urban-areas","tag-urban-policy"],"jetpack_featured_media_url":"","jetpack_sharing_enabled":true,"_links":{"self":[{"href":"https:\/\/swissmig.unine.ch\/index.php?rest_route=\/wp\/v2\/posts\/37879","targetHints":{"allow":["GET"]}}],"collection":[{"href":"https:\/\/swissmig.unine.ch\/index.php?rest_route=\/wp\/v2\/posts"}],"about":[{"href":"https:\/\/swissmig.unine.ch\/index.php?rest_route=\/wp\/v2\/types\/post"}],"author":[{"embeddable":true,"href":"https:\/\/swissmig.unine.ch\/index.php?rest_route=\/wp\/v2\/users\/4"}],"replies":[{"embeddable":true,"href":"https:\/\/swissmig.unine.ch\/index.php?rest_route=%2Fwp%2Fv2%2Fcomments&post=37879"}],"version-history":[{"count":0,"href":"https:\/\/swissmig.unine.ch\/index.php?rest_route=\/wp\/v2\/posts\/37879\/revisions"}],"wp:attachment":[{"href":"https:\/\/swissmig.unine.ch\/index.php?rest_route=%2Fwp%2Fv2%2Fmedia&parent=37879"}],"wp:term":[{"taxonomy":"category","embeddable":true,"href":"https:\/\/swissmig.unine.ch\/index.php?rest_route=%2Fwp%2Fv2%2Fcategories&post=37879"},{"taxonomy":"post_tag","embeddable":true,"href":"https:\/\/swissmig.unine.ch\/index.php?rest_route=%2Fwp%2Fv2%2Ftags&post=37879"}],"curies":[{"name":"wp","href":"https:\/\/api.w.org\/{rel}","templated":true}]}}