{"id":37876,"date":"2025-09-22T08:00:00","date_gmt":"2025-09-22T07:00:00","guid":{"rendered":"https:\/\/swissmig.wordpress.com\/?p=37876"},"modified":"2025-09-22T08:00:00","modified_gmt":"2025-09-22T07:00:00","slug":"rechtsschutzsystem-in-der-kritik","status":"publish","type":"post","link":"https:\/\/swissmig.unine.ch\/?p=37876","title":{"rendered":"Rechtsschutzsystem in der Kritik"},"content":{"rendered":"\n<h3 class=\"wp-block-heading\">Author(s) : Lara Hoeft, Simon Noori, Corinne Reber<\/h3>\n\n\n\n<h3 class=\"wp-block-heading\">Source : <a href=\"https:\/\/asyl.recht.ch\/fr\/artikel\/02asyl0225inf\/rechtsschutzsystem-der-kritik\" target=\"_blank\" rel=\"noreferrer noopener\">https:\/\/asyl.recht.ch\/fr\/artikel\/02asyl0225inf\/rechtsschutzsystem-der-kritik<\/a><\/h3>\n\n\n\n<p><strong>Abstract: <\/strong><\/p>\n\n\n\n<!--more-->\n\n\n\n<blockquote class=\"wp-block-quote is-layout-flow wp-block-quote-is-layout-flow\">\n<p>Ein im Januar 2025 vom Verein Pikett Asyl ver\u00f6ffentlichter Fachbericht l\u00e4sst erstmals seit Inkrafttreten der Asylreform im M\u00e4rz 2019 die Betroffenen des beschleunigten Asylverfahrens zu Wort kommen und zeigt strukturelle Probleme im mandatierten Rechtsschutz in den Bundesasylzentren auf. Auf Grundlage einer Befragung von 69 Klient:innen legt der Bericht dar, dass es h\u00e4ufig zu Handwechseln bei der Rechtsvertretung kommt, die Asylsuchenden von einem schlechten Zugang zum Rechtsschutz berichten und teilweise wenig Vertrauen in ihre Rechtsvertretung haben. Eine Auswertung der Statistiken des BVGer zeigt zudem, dass es immer wieder zu Fehleinsch\u00e4tzungen der Chancen f\u00fcr eine Beschwerde durch die Rechtsvertretung kommt.<\/p>\n<\/blockquote>\n","protected":false},"excerpt":{"rendered":"<p>Author(s) : Lara Hoeft, Simon Noori, Corinne Reber Source :&#8230;<\/p>\n","protected":false},"author":4,"featured_media":0,"comment_status":"open","ping_status":"open","sticky":false,"template":"","format":"standard","meta":{"_kadence_starter_templates_imported_post":false,"_kad_post_transparent":"","_kad_post_title":"","_kad_post_layout":"","_kad_post_sidebar_id":"","_kad_post_content_style":"","_kad_post_vertical_padding":"","_kad_post_feature":"","_kad_post_feature_position":"","_kad_post_header":false,"_kad_post_footer":false,"_kad_post_classname":"","jetpack_post_was_ever_published":false,"_jetpack_newsletter_access":"","_jetpack_dont_email_post_to_subs":false,"_jetpack_newsletter_tier_id":0,"_jetpack_memberships_contains_paywalled_content":false,"_jetpack_memberships_contains_paid_content":false,"footnotes":""},"categories":[53],"tags":[306,7,112,50,307,79,73,563,303,617,181],"class_list":["post-37876","post","type-post","status-publish","format-standard","hentry","category-law","tag-306","tag-article","tag-asylum-procedure","tag-asylum-seekers","tag-civil-and-political-rights","tag-equal-opportunities","tag-german-language","tag-immigration-law","tag-legal-aspects","tag-refugee-centres","tag-survey"],"jetpack_featured_media_url":"","jetpack_sharing_enabled":true,"_links":{"self":[{"href":"https:\/\/swissmig.unine.ch\/index.php?rest_route=\/wp\/v2\/posts\/37876","targetHints":{"allow":["GET"]}}],"collection":[{"href":"https:\/\/swissmig.unine.ch\/index.php?rest_route=\/wp\/v2\/posts"}],"about":[{"href":"https:\/\/swissmig.unine.ch\/index.php?rest_route=\/wp\/v2\/types\/post"}],"author":[{"embeddable":true,"href":"https:\/\/swissmig.unine.ch\/index.php?rest_route=\/wp\/v2\/users\/4"}],"replies":[{"embeddable":true,"href":"https:\/\/swissmig.unine.ch\/index.php?rest_route=%2Fwp%2Fv2%2Fcomments&post=37876"}],"version-history":[{"count":0,"href":"https:\/\/swissmig.unine.ch\/index.php?rest_route=\/wp\/v2\/posts\/37876\/revisions"}],"wp:attachment":[{"href":"https:\/\/swissmig.unine.ch\/index.php?rest_route=%2Fwp%2Fv2%2Fmedia&parent=37876"}],"wp:term":[{"taxonomy":"category","embeddable":true,"href":"https:\/\/swissmig.unine.ch\/index.php?rest_route=%2Fwp%2Fv2%2Fcategories&post=37876"},{"taxonomy":"post_tag","embeddable":true,"href":"https:\/\/swissmig.unine.ch\/index.php?rest_route=%2Fwp%2Fv2%2Ftags&post=37876"}],"curies":[{"name":"wp","href":"https:\/\/api.w.org\/{rel}","templated":true}]}}