{"id":37866,"date":"2025-09-22T08:00:00","date_gmt":"2025-09-22T07:00:00","guid":{"rendered":"https:\/\/swissmig.wordpress.com\/?p=37866"},"modified":"2025-09-22T08:00:00","modified_gmt":"2025-09-22T07:00:00","slug":"les-refugies-afghans-face-aux-visas-imaginaires-suisses-2","status":"publish","type":"post","link":"https:\/\/swissmig.unine.ch\/?p=37866","title":{"rendered":"Les r\u00e9fugi\u00e9s afghans face aux \u00abvisas imaginaires\u00bb suisses"},"content":{"rendered":"\n<h3 class=\"wp-block-heading\">Author(s) : Nina Khamsy<\/h3>\n\n\n\n<h3 class=\"wp-block-heading\">Source : <a href=\"https:\/\/www.sagw.ch\/fr\/sgmoik\/actualites\/details\/news\/les-migrants-afghans-face-aux-visas-imaginaires-suisses\" target=\"_blank\" rel=\"noreferrer noopener\">https:\/\/www.sagw.ch\/fr\/sgmoik\/actualites\/details\/news\/les-migrants-afghans-face-aux-visas-imaginaires-suisses<\/a><\/h3>\n\n\n\n<p><strong>Abstract: <\/strong><\/p>\n\n\n\n<!--more-->\n\n\n\n<blockquote class=\"wp-block-quote is-layout-flow wp-block-quote-is-layout-flow\">\n<p>Hossein* n\u2019a que 24 ans, mais le fil de sa courte vie a d\u00e9j\u00e0 failli \u00eatre coup\u00e9 de nombreuses fois en Afghanistan et en Europe. Nous nous sommes rencontr\u00e9s en Suisse voici un an et c\u2019est au cours de nos fr\u00e9quentes conversations \u00e0 Bex pr\u00e8s de son foyer ou \u00e0 Lausanne pr\u00e8s de l\u2019\u00c9tablissement vaudois d&#8217;accueil des migrants, qu\u2019il a partag\u00e9 son histoire avec moi. D\u2019abord en dari, une langue majoritaire afghane, puis, depuis quelques mois, en fran\u00e7ais. \u00c0 la suite d\u2019attaques meurtri\u00e8res r\u00e9p\u00e9t\u00e9es des Talibans dans sa province de Daykundi en 2013, le jeune Afghan a d\u00fb quitter pr\u00e9cipitamment sa maison accompagn\u00e9 de sa famille pour rejoindre la capitale.<\/p>\n<\/blockquote>\n","protected":false},"excerpt":{"rendered":"<p>Author(s) : Nina Khamsy Source : https:\/\/www.sagw.ch\/fr\/sgmoik\/actualites\/details\/news\/les-migrants-afghans-face-aux-visas-imaginaires-suisses Abstract:<\/p>\n","protected":false},"author":4,"featured_media":0,"comment_status":"open","ping_status":"open","sticky":false,"template":"","format":"standard","meta":{"_kadence_starter_templates_imported_post":false,"_kad_post_transparent":"","_kad_post_title":"","_kad_post_layout":"","_kad_post_sidebar_id":"","_kad_post_content_style":"","_kad_post_vertical_padding":"","_kad_post_feature":"","_kad_post_feature_position":"","_kad_post_header":false,"_kad_post_footer":false,"_kad_post_classname":"","jetpack_post_was_ever_published":false,"_jetpack_newsletter_access":"","_jetpack_dont_email_post_to_subs":false,"_jetpack_newsletter_tier_id":0,"_jetpack_memberships_contains_paywalled_content":false,"_jetpack_memberships_contains_paid_content":false,"footnotes":""},"categories":[12],"tags":[722,474,49,514,52,133,303,20,458,356,787,90,103,166,25,621,370],"class_list":["post-37866","post","type-post","status-publish","format-standard","hentry","category-politics","tag-722","tag-afghans","tag-asylum-policy","tag-blog-article","tag-french-language","tag-immigrant-policy","tag-legal-aspects","tag-migration-flows","tag-migration-routes","tag-migratory-status","tag-political-impact","tag-reception-policy","tag-refugees","tag-residence-permits","tag-solidarity","tag-street-level-bureaucracy","tag-vaud"],"jetpack_featured_media_url":"","jetpack_sharing_enabled":true,"_links":{"self":[{"href":"https:\/\/swissmig.unine.ch\/index.php?rest_route=\/wp\/v2\/posts\/37866","targetHints":{"allow":["GET"]}}],"collection":[{"href":"https:\/\/swissmig.unine.ch\/index.php?rest_route=\/wp\/v2\/posts"}],"about":[{"href":"https:\/\/swissmig.unine.ch\/index.php?rest_route=\/wp\/v2\/types\/post"}],"author":[{"embeddable":true,"href":"https:\/\/swissmig.unine.ch\/index.php?rest_route=\/wp\/v2\/users\/4"}],"replies":[{"embeddable":true,"href":"https:\/\/swissmig.unine.ch\/index.php?rest_route=%2Fwp%2Fv2%2Fcomments&post=37866"}],"version-history":[{"count":0,"href":"https:\/\/swissmig.unine.ch\/index.php?rest_route=\/wp\/v2\/posts\/37866\/revisions"}],"wp:attachment":[{"href":"https:\/\/swissmig.unine.ch\/index.php?rest_route=%2Fwp%2Fv2%2Fmedia&parent=37866"}],"wp:term":[{"taxonomy":"category","embeddable":true,"href":"https:\/\/swissmig.unine.ch\/index.php?rest_route=%2Fwp%2Fv2%2Fcategories&post=37866"},{"taxonomy":"post_tag","embeddable":true,"href":"https:\/\/swissmig.unine.ch\/index.php?rest_route=%2Fwp%2Fv2%2Ftags&post=37866"}],"curies":[{"name":"wp","href":"https:\/\/api.w.org\/{rel}","templated":true}]}}