{"id":37832,"date":"2025-09-08T08:00:00","date_gmt":"2025-09-08T07:00:00","guid":{"rendered":"https:\/\/swissmig.wordpress.com\/?p=37832"},"modified":"2025-09-08T08:00:00","modified_gmt":"2025-09-08T07:00:00","slug":"surmonter-un-parcours-seme-dembuches-trajectoires-de-formation-qualifiantes-de-jeunes-migrants-en-situation-juridique-precaire-une-perspective-de-parcours-de-vie","status":"publish","type":"post","link":"https:\/\/swissmig.unine.ch\/?p=37832","title":{"rendered":"Surmonter un parcours sem\u00e9 d\u2019emb\u00fbches. Trajectoires de formation qualifiantes de jeunes migrants en situation juridique pr\u00e9caire : une perspective de parcours de vie"},"content":{"rendered":"\n<h3 class=\"wp-block-heading\">Author(s) : Claudio Bolzman<\/h3>\n\n\n\n<h3 class=\"wp-block-heading\">Source : <a href=\"http:\/\/journals.openedition.org\/sas\/4983\" target=\"_blank\" rel=\"noreferrer noopener\">http:\/\/journals.openedition.org\/sas\/4983<\/a><\/h3>\n\n\n\n<p><strong>Abstract: <\/strong><\/p>\n\n\n\n<!--more-->\n\n\n\n<blockquote class=\"wp-block-quote is-layout-flow wp-block-quote-is-layout-flow\">\n<p>Cet article porte sur les trajectoires de formation des jeunes migrants arriv\u00e9s en Suisse \u00e0 leur adolescence et qui ne disposent pas d\u2019un statut de s\u00e9jour stable. \u00c0 partir d\u2019une perspective de parcours de vie et sur la base d\u2019entretiens biographiques r\u00e9trospectifs avec deux jeunes, l\u2019article met en \u00e9vidence les obstacles importants qu\u2019ils et elles doivent affronter pour obtenir un dipl\u00f4me g\u00e9n\u00e9ral ou professionnel de niveau secondaire sup\u00e9rieur, mais il montre \u00e9galement les ressources et les strat\u00e9gies qui permettent \u00e0 certains d\u2019arriver \u00e0 cet objectif, ainsi que les r\u00f4les importants qui jouent les professionnels de l\u2019enseignement et du travail social qui leur apportent un soutien lors des moments-cl\u00e9s de leur parcours.<br><br>This article focuses on the training trajectories of young migrants who arrived in Switzerland in their adolescence and who do not have a stable residence status. From a life course perspective and on the basis of retrospective biographical interviews with two young people, the article highlights the significant obstacles they must face to obtain a general or vocational diploma at upper secondary level. However, it also shows the resources and strategies that allow some to achieve this goal, as well as the important roles played by teaching and social work professionals who provide support during key moments of their trajectories.<\/p>\n\n\n\n<p><strong>Mots-cl\u00e9s<\/strong> : jeunes migrants, formation, perspective de parcours de vie, pr\u00e9carit\u00e9 juridique, Suisse<br><strong>Keywords<\/strong>: young migrants, schooling, life course perspective, legal precariousness, Switzerland<\/p>\n<\/blockquote>\n","protected":false},"excerpt":{"rendered":"<p>Author(s) : Claudio Bolzman Source : http:\/\/journals.openedition.org\/sas\/4983 Abstract:<\/p>\n","protected":false},"author":4,"featured_media":0,"comment_status":"open","ping_status":"open","sticky":false,"template":"","format":"standard","meta":{"_kadence_starter_templates_imported_post":false,"_kad_post_transparent":"","_kad_post_title":"","_kad_post_layout":"","_kad_post_sidebar_id":"","_kad_post_content_style":"","_kad_post_vertical_padding":"","_kad_post_feature":"","_kad_post_feature_position":"","_kad_post_header":false,"_kad_post_footer":false,"_kad_post_classname":"","jetpack_post_was_ever_published":false,"_jetpack_newsletter_access":"","_jetpack_dont_email_post_to_subs":false,"_jetpack_newsletter_tier_id":0,"_jetpack_memberships_contains_paywalled_content":false,"_jetpack_memberships_contains_paid_content":false,"footnotes":""},"categories":[16],"tags":[306,176,274,79,52,154,303,102,150,103,81,312,371,158,118],"class_list":["post-37832","post","type-post","status-publish","format-standard","hentry","category-economics","tag-306","tag-economic-integration","tag-educational-inequality","tag-equal-opportunities","tag-french-language","tag-interviews","tag-legal-aspects","tag-poverty","tag-precarious-employment","tag-refugees","tag-school-success","tag-social-work","tag-vocational-training","tag-working-conditions","tag-youth"],"jetpack_featured_media_url":"","jetpack_sharing_enabled":true,"_links":{"self":[{"href":"https:\/\/swissmig.unine.ch\/index.php?rest_route=\/wp\/v2\/posts\/37832","targetHints":{"allow":["GET"]}}],"collection":[{"href":"https:\/\/swissmig.unine.ch\/index.php?rest_route=\/wp\/v2\/posts"}],"about":[{"href":"https:\/\/swissmig.unine.ch\/index.php?rest_route=\/wp\/v2\/types\/post"}],"author":[{"embeddable":true,"href":"https:\/\/swissmig.unine.ch\/index.php?rest_route=\/wp\/v2\/users\/4"}],"replies":[{"embeddable":true,"href":"https:\/\/swissmig.unine.ch\/index.php?rest_route=%2Fwp%2Fv2%2Fcomments&post=37832"}],"version-history":[{"count":0,"href":"https:\/\/swissmig.unine.ch\/index.php?rest_route=\/wp\/v2\/posts\/37832\/revisions"}],"wp:attachment":[{"href":"https:\/\/swissmig.unine.ch\/index.php?rest_route=%2Fwp%2Fv2%2Fmedia&parent=37832"}],"wp:term":[{"taxonomy":"category","embeddable":true,"href":"https:\/\/swissmig.unine.ch\/index.php?rest_route=%2Fwp%2Fv2%2Fcategories&post=37832"},{"taxonomy":"post_tag","embeddable":true,"href":"https:\/\/swissmig.unine.ch\/index.php?rest_route=%2Fwp%2Fv2%2Ftags&post=37832"}],"curies":[{"name":"wp","href":"https:\/\/api.w.org\/{rel}","templated":true}]}}