{"id":37816,"date":"2025-09-01T08:00:00","date_gmt":"2025-09-01T07:00:00","guid":{"rendered":"https:\/\/swissmig.wordpress.com\/?p=37816"},"modified":"2025-09-01T08:00:00","modified_gmt":"2025-09-01T07:00:00","slug":"genese-dune-loi-antiraciste-sociologie-dune-experience-politique-suisse-1965-1995","status":"publish","type":"post","link":"https:\/\/swissmig.unine.ch\/?p=37816","title":{"rendered":"Gen\u00e8se d&#8217;une loi antiraciste : sociologie d&#8217;une exp\u00e9rience politique suisse (1965-1995)"},"content":{"rendered":"\n<h3 class=\"wp-block-heading\">Author(s) : Matthieu Thomas<\/h3>\n\n\n\n<h3 class=\"wp-block-heading\">Source : <a href=\"https:\/\/iris.unil.ch\/handle\/iris\/261859\" target=\"_blank\" rel=\"noreferrer noopener\">https:\/\/iris.unil.ch\/handle\/iris\/261859<\/a><\/h3>\n\n\n\n<p><strong>Abstract: <\/strong><\/p>\n\n\n\n<!--more-->\n\n\n\n<blockquote class=\"wp-block-quote is-layout-flow wp-block-quote-is-layout-flow\">\n<p>Cette th\u00e8se explore la gen\u00e8se du droit antiraciste en Suisse, depuis ses origines \u00e0 la fin des ann\u00e9es 1960 jusqu\u2019\u00e0 l\u2019adoption d\u2019une norme p\u00e9nale lors d\u2019une votation populaire en 1994. Elle d\u00e9crit le processus par lequel la collectivit\u00e9 suisse s\u2019est dot\u00e9e d\u2019une loi antiraciste sous la forme d\u2019une disposition p\u00e9nale interdisant les discours racistes et antis\u00e9mites dans l\u2019espace public. S\u2019appuyant sur les approches pragmatiste, prax\u00e9ologique et micro-historique, ce travail retrace l\u2019histoire l\u00e9gislative de la loi antiraciste suisse \u00e0 partir de trois perspectives : l\u2019\u00c9tat f\u00e9d\u00e9ral et son administration, les ar\u00e8nes publiques, ainsi que les associations militantes et religieuses impliqu\u00e9es. Fond\u00e9e sur une recherche approfondie dans les archives f\u00e9d\u00e9rales et associatives, une analyse de discours publics et des entretiens avec des acteurs cl\u00e9s, cette enqu\u00eate met en lumi\u00e8re les dynamiques qui ont fa\u00e7onn\u00e9 cette trajectoire l\u00e9gislative. Initialement con\u00e7u dans le cadre d\u2019une affaire de relations \u00e9trang\u00e8res, le projet de loi s\u2019inscrit dans une politique de la discr\u00e9tion dont l\u2019action se d\u00e9roule au sein des institutions et \u00e0 l\u2019abri du public. Il \u00e9volue \u00e0 la fin des ann\u00e9es 1980 pour r\u00e9pondre au probl\u00e8me de la \u00ab mont\u00e9e du racisme \u00bb en Suisse. Ins\u00e9r\u00e9 dans les d\u00e9bats houleux sur les r\u00e9fugi\u00e9\u00b7es et les \u00e9tranger\u00b7es, le projet de loi devient une question identitaire lors de la campagne de votation, interrogeant les attributs jug\u00e9s essentiels de la collectivit\u00e9 suisse. En d\u00e9finitive, cette th\u00e8se explore une exp\u00e9rience politique marquante dans la Suisse de la fin du 20e si\u00e8cle et montre comment un projet l\u00e9gislatif se transforme en un horizon public et en une r\u00e9alit\u00e9 juridique.<\/p>\n\n\n\n<p><strong>Mots-cl\u00e9s\u00a0:<\/strong> droit antiraciste, processus l\u00e9gislatif, Suisse, racisme, antis\u00e9mitisme, probl\u00e8mes publics, pragmatisme, prax\u00e9ologie, micro-histoire<\/p>\n<\/blockquote>\n\n\n\n<p><\/p>\n","protected":false},"excerpt":{"rendered":"<p>Author(s) : Matthieu Thomas Source : https:\/\/iris.unil.ch\/handle\/iris\/261859 Abstract:<\/p>\n","protected":false},"author":4,"featured_media":0,"comment_status":"open","ping_status":"open","sticky":false,"template":"","format":"standard","meta":{"_kadence_starter_templates_imported_post":false,"_kad_post_transparent":"","_kad_post_title":"","_kad_post_layout":"","_kad_post_sidebar_id":"","_kad_post_content_style":"","_kad_post_vertical_padding":"","_kad_post_feature":"","_kad_post_feature_position":"","_kad_post_header":false,"_kad_post_footer":false,"_kad_post_classname":"","jetpack_post_was_ever_published":false,"_jetpack_newsletter_access":"","_jetpack_dont_email_post_to_subs":false,"_jetpack_newsletter_tier_id":0,"_jetpack_memberships_contains_paywalled_content":false,"_jetpack_memberships_contains_paid_content":false,"footnotes":""},"categories":[24],"tags":[306,365,119,152,589,52,87,303,787,113,334,103,96],"class_list":["post-37816","post","type-post","status-publish","format-standard","hentry","category-society-family-racism","tag-306","tag-anti-semitism","tag-associations","tag-discourse","tag-doctoral-thesis","tag-french-language","tag-history","tag-legal-aspects","tag-political-impact","tag-public-administration","tag-racism","tag-refugees","tag-voting-behaviour"],"jetpack_featured_media_url":"","jetpack_sharing_enabled":true,"_links":{"self":[{"href":"https:\/\/swissmig.unine.ch\/index.php?rest_route=\/wp\/v2\/posts\/37816","targetHints":{"allow":["GET"]}}],"collection":[{"href":"https:\/\/swissmig.unine.ch\/index.php?rest_route=\/wp\/v2\/posts"}],"about":[{"href":"https:\/\/swissmig.unine.ch\/index.php?rest_route=\/wp\/v2\/types\/post"}],"author":[{"embeddable":true,"href":"https:\/\/swissmig.unine.ch\/index.php?rest_route=\/wp\/v2\/users\/4"}],"replies":[{"embeddable":true,"href":"https:\/\/swissmig.unine.ch\/index.php?rest_route=%2Fwp%2Fv2%2Fcomments&post=37816"}],"version-history":[{"count":0,"href":"https:\/\/swissmig.unine.ch\/index.php?rest_route=\/wp\/v2\/posts\/37816\/revisions"}],"wp:attachment":[{"href":"https:\/\/swissmig.unine.ch\/index.php?rest_route=%2Fwp%2Fv2%2Fmedia&parent=37816"}],"wp:term":[{"taxonomy":"category","embeddable":true,"href":"https:\/\/swissmig.unine.ch\/index.php?rest_route=%2Fwp%2Fv2%2Fcategories&post=37816"},{"taxonomy":"post_tag","embeddable":true,"href":"https:\/\/swissmig.unine.ch\/index.php?rest_route=%2Fwp%2Fv2%2Ftags&post=37816"}],"curies":[{"name":"wp","href":"https:\/\/api.w.org\/{rel}","templated":true}]}}