{"id":37776,"date":"2025-08-11T08:00:00","date_gmt":"2025-08-11T07:00:00","guid":{"rendered":"https:\/\/swissmig.wordpress.com\/?p=37776"},"modified":"2025-08-11T08:00:00","modified_gmt":"2025-08-11T07:00:00","slug":"la-diversite-culturelle-en-formation-a-lenseignement-analyse-de-la-situation-en-suisse-romande","status":"publish","type":"post","link":"https:\/\/swissmig.unine.ch\/?p=37776","title":{"rendered":"La diversit\u00e9 culturelle en formation \u00e0 l\u2019enseignement\u00a0: analyse de la situation en Suisse romande"},"content":{"rendered":"\n<h3 class=\"wp-block-heading\">Author(s) : Myriam Radhouane, Abdeljalil Akkari<\/h3>\n\n\n\n<h3 class=\"wp-block-heading\">Source : <a href=\"https:\/\/doi.org\/10.7202\/1118371ar\" target=\"_blank\" rel=\"noreferrer noopener\">https:\/\/doi.org\/10.7202\/1118371ar<\/a><\/h3>\n\n\n\n<p><strong>Abstract: <\/strong><\/p>\n\n\n\n<!--more-->\n\n\n\n<blockquote class=\"wp-block-quote is-layout-flow wp-block-quote-is-layout-flow\">\n<p>Lacunaire, facultative, peu d\u00e9velopp\u00e9e\u2026 nombreux sont les qualificatifs utilis\u00e9s pour d\u00e9crire la formation des enseignants en mati\u00e8re de prise en compte de la diversit\u00e9 culturelle au sein de la recherche internationale. En \u00e9cho \u00e0 ces constats, notre \u00e9tude propose un \u00e9tat des lieux des formations d\u2019enseignants dans ce domaine en Suisse romande. En soumettant un questionnaire aux formateurs responsables des questions de diversit\u00e9 culturelle, nous avons eu acc\u00e8s \u00e0 leur perception de cette formation, aux contenus de leurs enseignements, mais aussi \u00e0 leur perspective quant \u00e0 la mobilisation des identit\u00e9s culturelles des \u00e9tudiants. Nos donn\u00e9es, majoritairement qualitatives, ont \u00e9t\u00e9 analys\u00e9es dans une logique d\u2019analyse de contenu et ont \u00e9t\u00e9 mises en perspective \u00e0 l\u2019aide de la typologie des approches de l\u2019\u00e9ducation multiculturelle de Sleeter et Grant.<\/p>\n\n\n\n<p><strong>Mots-cl\u00e9s&nbsp;:<\/strong><\/p>\n\n\n\n<ul class=\"wp-block-list\">\n<li>formation des enseignants,<\/li>\n\n\n\n<li>diversit\u00e9 culturelle,<\/li>\n\n\n\n<li>migration,<\/li>\n\n\n\n<li>culture,<\/li>\n\n\n\n<li>identit\u00e9,<\/li>\n\n\n\n<li>d\u00e9veloppement professionnel<\/li>\n<\/ul>\n<\/blockquote>\n","protected":false},"excerpt":{"rendered":"<p>Author(s) : Myriam Radhouane, Abdeljalil Akkari Source : https:\/\/doi.org\/10.7202\/1118371ar Abstract:<\/p>\n","protected":false},"author":4,"featured_media":0,"comment_status":"open","ping_status":"open","sticky":false,"template":"","format":"standard","meta":{"_kadence_starter_templates_imported_post":false,"_kad_post_transparent":"","_kad_post_title":"","_kad_post_layout":"","_kad_post_sidebar_id":"","_kad_post_content_style":"","_kad_post_vertical_padding":"","_kad_post_feature":"","_kad_post_feature_position":"","_kad_post_header":false,"_kad_post_footer":false,"_kad_post_classname":"","jetpack_post_was_ever_published":false,"_jetpack_newsletter_access":"","_jetpack_dont_email_post_to_subs":false,"_jetpack_newsletter_tier_id":0,"_jetpack_memberships_contains_paywalled_content":false,"_jetpack_memberships_contains_paid_content":false,"footnotes":""},"categories":[61],"tags":[306,7,400,409,151,52,114,410,795],"class_list":["post-37776","post","type-post","status-publish","format-standard","hentry","category-education","tag-306","tag-article","tag-cultural-competency","tag-cultural-diversity","tag-cultural-identity","tag-french-language","tag-intercultural-education","tag-teacher-education","tag-teachers"],"jetpack_featured_media_url":"","jetpack_sharing_enabled":true,"_links":{"self":[{"href":"https:\/\/swissmig.unine.ch\/index.php?rest_route=\/wp\/v2\/posts\/37776","targetHints":{"allow":["GET"]}}],"collection":[{"href":"https:\/\/swissmig.unine.ch\/index.php?rest_route=\/wp\/v2\/posts"}],"about":[{"href":"https:\/\/swissmig.unine.ch\/index.php?rest_route=\/wp\/v2\/types\/post"}],"author":[{"embeddable":true,"href":"https:\/\/swissmig.unine.ch\/index.php?rest_route=\/wp\/v2\/users\/4"}],"replies":[{"embeddable":true,"href":"https:\/\/swissmig.unine.ch\/index.php?rest_route=%2Fwp%2Fv2%2Fcomments&post=37776"}],"version-history":[{"count":0,"href":"https:\/\/swissmig.unine.ch\/index.php?rest_route=\/wp\/v2\/posts\/37776\/revisions"}],"wp:attachment":[{"href":"https:\/\/swissmig.unine.ch\/index.php?rest_route=%2Fwp%2Fv2%2Fmedia&parent=37776"}],"wp:term":[{"taxonomy":"category","embeddable":true,"href":"https:\/\/swissmig.unine.ch\/index.php?rest_route=%2Fwp%2Fv2%2Fcategories&post=37776"},{"taxonomy":"post_tag","embeddable":true,"href":"https:\/\/swissmig.unine.ch\/index.php?rest_route=%2Fwp%2Fv2%2Ftags&post=37776"}],"curies":[{"name":"wp","href":"https:\/\/api.w.org\/{rel}","templated":true}]}}