{"id":37771,"date":"2025-08-11T08:00:00","date_gmt":"2025-08-11T07:00:00","guid":{"rendered":"https:\/\/swissmig.wordpress.com\/?p=37771"},"modified":"2025-08-11T08:00:00","modified_gmt":"2025-08-11T07:00:00","slug":"in-der-familie-sind-alle-ganz-nette-leute-aber-never-ever-haben-sie-sich-selbst-mit-rassismus-auseinandergesetzt-erfahrungen-von-adoptierten-people-of-color-aus-der-schweiz","status":"publish","type":"post","link":"https:\/\/swissmig.unine.ch\/?p=37771","title":{"rendered":"\u00abIn der Familie sind alle ganz nette Leute, aber never ever haben sie sich selbst mit Rassismus auseinandergesetzt\u00bb : Erfahrungen von adoptierten People of Color aus der Schweiz &#8211; eine qualitative Pilotstudie"},"content":{"rendered":"\n<h3 class=\"wp-block-heading\">Author(s) : Nadine Gautschi, Sebastian Funke, Denise Barriga Rodriguez<\/h3>\n\n\n\n<h3 class=\"wp-block-heading\">Source : <a href=\"https:\/\/www.knoten-maschen.ch\/wp-content\/uploads\/2025\/07\/0709_Forschungsbericht-Erfahrungen-von-adoptierten-People-of-Colour_31.7.25.pdf\" target=\"_blank\" rel=\"noreferrer noopener\">https:\/\/www.knoten-maschen.ch\/wp-content\/uploads\/2025\/07\/0709_Forschungsbericht-Erfahrungen-von-adoptierten-People-of-Colour_31.7.25.pdf<\/a><\/h3>\n\n\n\n<p><strong>Abstract: <\/strong><\/p>\n\n\n\n<!--more-->\n\n\n\n<blockquote class=\"wp-block-quote is-layout-flow wp-block-quote-is-layout-flow\">\n<p>In dieser Pilotstudie haben wir die Erfahrungen adoptierter People of Colour (PoC) aus der Schweiz in acht semistrukturierten narrativen Interviews untersucht. Neben Rassismuserfahrungen und dem Umgang damit haben wir insbesondere auch den Umgang mit Race und Rassismus in den Adoptivfamilien in den Fokus genommen.<\/p>\n\n\n\n<p>Die Befragten erleben seit ihrer Kindheit Alltagsrassismus und strukturellen Rassismus auf vielf\u00e4ltige Weise. Sie schildern, dass das Ausmass von Rassismus und die Bedeutung der Race-Zugeh\u00f6rigkeit von den Adoptiveltern nicht vollst\u00e4ndig erfasst wurden. Mit ihren Adoptiveltern konnten die Befragten nur eingeschr\u00e4nkt \u00fcber Rassismuserfahrungen sprechen, da diese zwar als wohlwollend, aber als wenig hilfreich und \u00fcberfordert wahrgenommen wurden. Entsprechend waren die adoptierten PoC stark auf sich selbst und eigene Ressourcen im Umgang mit Rassismus angewiesen.<\/p>\n\n\n\n<p>Die Analyse gibt Hinweise darauf, dass die gesellschaftsstrukturellen Benachteiligungen aufgrund der Race-Zugeh\u00f6rigkeit durch die privilegierte Class- und Race-Zugeh\u00f6rigkeit der Adoptiveltern aus Sicht der Befragten teilweise abgeschw\u00e4cht oder nivelliert wurden. Dies betrifft beispielsweise den erleichterten Zugang zu h\u00f6herer Bildung. In manchen F\u00e4llen f\u00fchrte die Race-Zugeh\u00f6rigkeit in Kombination mit einem schweizerisch klingenden Namen laut den Befragten sogar zu Vorteilen auf dem Arbeits- und Wohnungsmarkt. Andererseits wirkten Gewalterfahrungen durch die Adoptiveltern als Kind zus\u00e4tzlich erschwerend auf die Betroffenen einwirken. Zur gesellschaftlichen Abwertung durch Rassismus kam die weitere Abwertung durch die Adoptiveltern hinzu. Insgesamt zeigt sich deutlich, dass Rassismus und der Umgang damit kontinuierlich emotionale und kognitive Auseinandersetzungen sowie Anpassungsleistungen von den Betroffenen erfordern.<\/p>\n\n\n\n<p>Die Befragten kritisieren die mangelhafte Sensibilisierung und Vorbereitung ihrer Adoptiveltern im Hinblick auf die Adoption eines Kindes of Colour. Der Fachdiskurs um Race und Rassismus im Kontext internationaler Adoptionen steht in der Schweiz noch ganz am Anfang. Vor diesem Hintergrund stellen sich Fragen, inwiefern Adoptiveltern, die gegenw\u00e4rtig Kinder of Colour grossziehen, besser unterst\u00fctzt werden k\u00f6nnen, und wie eine solche Unterst\u00fctzung aussehen k\u00f6nnte.<\/p>\n<\/blockquote>\n","protected":false},"excerpt":{"rendered":"<p>Author(s) : Nadine Gautschi, Sebastian Funke, Denise Barriga Rodriguez Source&#8230;<\/p>\n","protected":false},"author":4,"featured_media":0,"comment_status":"open","ping_status":"open","sticky":false,"template":"","format":"standard","meta":{"_kadence_starter_templates_imported_post":false,"_kad_post_transparent":"","_kad_post_title":"","_kad_post_layout":"","_kad_post_sidebar_id":"","_kad_post_content_style":"","_kad_post_vertical_padding":"","_kad_post_feature":"","_kad_post_feature_position":"","_kad_post_header":false,"_kad_post_footer":false,"_kad_post_classname":"","jetpack_post_was_ever_published":false,"_jetpack_newsletter_access":"","_jetpack_dont_email_post_to_subs":false,"_jetpack_newsletter_tier_id":0,"_jetpack_memberships_contains_paywalled_content":false,"_jetpack_memberships_contains_paid_content":false,"footnotes":""},"categories":[24],"tags":[306,824,82,21,73,825,711,334,249],"class_list":["post-37771","post","type-post","status-publish","format-standard","hentry","category-society-family-racism","tag-306","tag-adoption","tag-ethnic-discrimination","tag-family","tag-german-language","tag-people-of-colour","tag-race","tag-racism","tag-report"],"jetpack_featured_media_url":"","jetpack_sharing_enabled":true,"_links":{"self":[{"href":"https:\/\/swissmig.unine.ch\/index.php?rest_route=\/wp\/v2\/posts\/37771","targetHints":{"allow":["GET"]}}],"collection":[{"href":"https:\/\/swissmig.unine.ch\/index.php?rest_route=\/wp\/v2\/posts"}],"about":[{"href":"https:\/\/swissmig.unine.ch\/index.php?rest_route=\/wp\/v2\/types\/post"}],"author":[{"embeddable":true,"href":"https:\/\/swissmig.unine.ch\/index.php?rest_route=\/wp\/v2\/users\/4"}],"replies":[{"embeddable":true,"href":"https:\/\/swissmig.unine.ch\/index.php?rest_route=%2Fwp%2Fv2%2Fcomments&post=37771"}],"version-history":[{"count":0,"href":"https:\/\/swissmig.unine.ch\/index.php?rest_route=\/wp\/v2\/posts\/37771\/revisions"}],"wp:attachment":[{"href":"https:\/\/swissmig.unine.ch\/index.php?rest_route=%2Fwp%2Fv2%2Fmedia&parent=37771"}],"wp:term":[{"taxonomy":"category","embeddable":true,"href":"https:\/\/swissmig.unine.ch\/index.php?rest_route=%2Fwp%2Fv2%2Fcategories&post=37771"},{"taxonomy":"post_tag","embeddable":true,"href":"https:\/\/swissmig.unine.ch\/index.php?rest_route=%2Fwp%2Fv2%2Ftags&post=37771"}],"curies":[{"name":"wp","href":"https:\/\/api.w.org\/{rel}","templated":true}]}}