{"id":37754,"date":"2025-08-04T08:00:00","date_gmt":"2025-08-04T07:00:00","guid":{"rendered":"https:\/\/swissmig.wordpress.com\/?p=37754"},"modified":"2025-08-04T08:00:00","modified_gmt":"2025-08-04T07:00:00","slug":"le-role-de-futurs-enseignants-issus-de-la-migration-dans-le-canton-de-vaud-suisse-en-faveur-de-lintegration-et-de-la-reussite-scolaire-et-educative-des-eleves-issus-de-la-migration","status":"publish","type":"post","link":"https:\/\/swissmig.unine.ch\/?p=37754","title":{"rendered":"Le r\u00f4le de futurs enseignants issus de la migration dans le canton de Vaud (Suisse) en faveur de l\u2019int\u00e9gration et de la r\u00e9ussite scolaire et \u00e9ducative des \u00e9l\u00e8ves issus de la migration"},"content":{"rendered":"\n<h3 class=\"wp-block-heading\">Author(s) : Olivier Del\u00e9vaux<\/h3>\n\n\n\n<h3 class=\"wp-block-heading\">Source : <a href=\"https:\/\/doi.org\/10.7202\/1118368ar\" target=\"_blank\" rel=\"noreferrer noopener\">https:\/\/doi.org\/10.7202\/1118368ar<\/a><\/h3>\n\n\n\n<p><strong>Abstract: <\/strong><\/p>\n\n\n\n<!--more-->\n\n\n\n<blockquote class=\"wp-block-quote is-layout-flow wp-block-quote-is-layout-flow\">\n<p>Dans le contexte suisse marqu\u00e9 par une augmentation de la multiculturalit\u00e9, cet article postule le r\u00f4le central du syst\u00e8me \u00e9ducatif, pour favoriser l\u2019int\u00e9gration des \u00e9l\u00e8ves issus de la migration et aussi, indirectement, celle de leurs parents. Les statistiques concernant ces \u00e9l\u00e8ves montrent leur surrepr\u00e9sentation dans les voies de formation \u00e0 exigences \u00e9l\u00e9mentaires ou dans les structures d\u2019enseignement sp\u00e9cialis\u00e9. La trajectoire de certains d\u2019entre eux, qui les am\u00e8ne \u00e0 choisir une formation d\u2019enseignants au primaire, peut donc \u00eatre consid\u00e9r\u00e9e comme r\u00e9sultant d\u2019une certaine r\u00e9silience. La recherche qualitative sur laquelle s\u2019appuie cet article vise \u00e0 mettre en \u00e9vidence, au travers d\u2019entretiens semi-directifs r\u00e9alis\u00e9s aupr\u00e8s de futurs enseignants issus de la migration, leur apport \u00e0 la r\u00e9ussite scolaire et \u00e9ducative des \u00e9l\u00e8ves issus de la migration. Les r\u00e9sultats montrent chez ces futurs enseignants une forte sensibilit\u00e9 interculturelle li\u00e9e \u00e0 leur propre parcours et ainsi une capacit\u00e9 \u00e0 d\u00e9tecter des formes de discrimination touchant les \u00e9l\u00e8ves issus de la migration souvent banalis\u00e9es ou ignor\u00e9es par leurs auteurs. Ces enseignants \u00e9mettent des propositions visant une meilleure r\u00e9ussite scolaire et \u00e9ducative de ces \u00e9l\u00e8ves, en particulier un renforcement de l\u2019implication parentale dans la scolarit\u00e9 de l\u2019enfant. D\u2019autres pistes visent plus directement la participation des \u00e9l\u00e8ves et la valorisation des langues et cultures d\u2019origine. Enfin, certaines propositions concernent les pratiques p\u00e9dagogiques et font mention de diff\u00e9renciation et d\u2019enseignement explicite, ce qui semble \u00eatre profitable \u00e0 la prise en compte de la diversit\u00e9 de l\u2019ensemble des \u00e9l\u00e8ves.<\/p>\n\n\n\n<p><strong>Mots-cl\u00e9s&nbsp;:<\/strong><\/p>\n\n\n\n<ul class=\"wp-block-list\">\n<li>enseignants issus de la migration,<\/li>\n\n\n\n<li>\u00e9l\u00e8ves issus de la migration,<\/li>\n\n\n\n<li>in\u00e9galit\u00e9s scolaires,<\/li>\n\n\n\n<li>sensibilit\u00e9 interculturelle,<\/li>\n\n\n\n<li>r\u00e9ussite scolaire et \u00e9ducative<\/li>\n<\/ul>\n<\/blockquote>\n","protected":false},"excerpt":{"rendered":"<p>Author(s) : Olivier Del\u00e9vaux Source : https:\/\/doi.org\/10.7202\/1118368ar Abstract:<\/p>\n","protected":false},"author":4,"featured_media":0,"comment_status":"open","ping_status":"open","sticky":false,"template":"","format":"standard","meta":{"_kadence_starter_templates_imported_post":false,"_kad_post_transparent":"","_kad_post_title":"","_kad_post_layout":"","_kad_post_sidebar_id":"","_kad_post_content_style":"","_kad_post_vertical_padding":"","_kad_post_feature":"","_kad_post_feature_position":"","_kad_post_header":false,"_kad_post_footer":false,"_kad_post_classname":"","jetpack_post_was_ever_published":false,"_jetpack_newsletter_access":"","_jetpack_dont_email_post_to_subs":false,"_jetpack_newsletter_tier_id":0,"_jetpack_memberships_contains_paywalled_content":false,"_jetpack_memberships_contains_paid_content":false,"footnotes":""},"categories":[61],"tags":[306,7,318,400,409,274,52,114,405,363,117,81,91,290,410,795,118],"class_list":["post-37754","post","type-post","status-publish","format-standard","hentry","category-education","tag-306","tag-article","tag-children","tag-cultural-competency","tag-cultural-diversity","tag-educational-inequality","tag-french-language","tag-intercultural-education","tag-migratory-background","tag-school","tag-school-integration","tag-school-success","tag-social-integration","tag-students","tag-teacher-education","tag-teachers","tag-youth"],"jetpack_featured_media_url":"","jetpack_sharing_enabled":true,"_links":{"self":[{"href":"https:\/\/swissmig.unine.ch\/index.php?rest_route=\/wp\/v2\/posts\/37754","targetHints":{"allow":["GET"]}}],"collection":[{"href":"https:\/\/swissmig.unine.ch\/index.php?rest_route=\/wp\/v2\/posts"}],"about":[{"href":"https:\/\/swissmig.unine.ch\/index.php?rest_route=\/wp\/v2\/types\/post"}],"author":[{"embeddable":true,"href":"https:\/\/swissmig.unine.ch\/index.php?rest_route=\/wp\/v2\/users\/4"}],"replies":[{"embeddable":true,"href":"https:\/\/swissmig.unine.ch\/index.php?rest_route=%2Fwp%2Fv2%2Fcomments&post=37754"}],"version-history":[{"count":0,"href":"https:\/\/swissmig.unine.ch\/index.php?rest_route=\/wp\/v2\/posts\/37754\/revisions"}],"wp:attachment":[{"href":"https:\/\/swissmig.unine.ch\/index.php?rest_route=%2Fwp%2Fv2%2Fmedia&parent=37754"}],"wp:term":[{"taxonomy":"category","embeddable":true,"href":"https:\/\/swissmig.unine.ch\/index.php?rest_route=%2Fwp%2Fv2%2Fcategories&post=37754"},{"taxonomy":"post_tag","embeddable":true,"href":"https:\/\/swissmig.unine.ch\/index.php?rest_route=%2Fwp%2Fv2%2Ftags&post=37754"}],"curies":[{"name":"wp","href":"https:\/\/api.w.org\/{rel}","templated":true}]}}