{"id":37750,"date":"2025-08-04T08:00:00","date_gmt":"2025-08-04T07:00:00","guid":{"rendered":"https:\/\/swissmig.wordpress.com\/?p=37750"},"modified":"2025-08-04T08:00:00","modified_gmt":"2025-08-04T07:00:00","slug":"dublin-ruckfuhrungen-nach-griechenland-expert-opinion-zu-unzureichenden-aufnahmebedingungen-von-ruckuberstellten-asylsuchenden-in-griechenland","status":"publish","type":"post","link":"https:\/\/swissmig.unine.ch\/?p=37750","title":{"rendered":"Dublin-R\u00fcckf\u00fchrungen nach Griechenland? Expert Opinion zu (unzureichenden) Aufnahmebedingungen von r\u00fcck\u00fcberstellten Asylsuchenden in Griechenland"},"content":{"rendered":"\n<h3 class=\"wp-block-heading\">Author(s) : Annina Mullis<\/h3>\n\n\n\n<h3 class=\"wp-block-heading\">Source : <a href=\"https:\/\/asyl.recht.ch\/fr\/artikel\/03asyl0225inf\/dublin-ruckfuhrungen-nach-griechenland\" target=\"_blank\" rel=\"noreferrer noopener\">https:\/\/asyl.recht.ch\/fr\/artikel\/03asyl0225inf\/dublin-ruckfuhrungen-nach-griechenland<\/a><\/h3>\n\n\n\n<p><strong>Abstract<\/strong> N\/A<\/p>\n","protected":false},"excerpt":{"rendered":"<p>Author(s) : Annina Mullis Source : https:\/\/asyl.recht.ch\/fr\/artikel\/03asyl0225inf\/dublin-ruckfuhrungen-nach-griechenland Abstract N\/A<\/p>\n","protected":false},"author":4,"featured_media":0,"comment_status":"open","ping_status":"open","sticky":false,"template":"","format":"standard","meta":{"_kadence_starter_templates_imported_post":false,"_kad_post_transparent":"","_kad_post_title":"","_kad_post_layout":"","_kad_post_sidebar_id":"","_kad_post_content_style":"","_kad_post_vertical_padding":"","_kad_post_feature":"","_kad_post_feature_position":"","_kad_post_header":false,"_kad_post_footer":false,"_kad_post_classname":"","jetpack_post_was_ever_published":false,"_jetpack_newsletter_access":"","_jetpack_dont_email_post_to_subs":false,"_jetpack_newsletter_tier_id":0,"_jetpack_memberships_contains_paywalled_content":false,"_jetpack_memberships_contains_paid_content":false,"footnotes":""},"categories":[53],"tags":[306,7,50,450,73,704,217,464],"class_list":["post-37750","post","type-post","status-publish","format-standard","hentry","category-law","tag-306","tag-article","tag-asylum-seekers","tag-dublin-convention","tag-german-language","tag-greece","tag-migration-agreements","tag-nem-nee"],"jetpack_featured_media_url":"","jetpack_sharing_enabled":true,"_links":{"self":[{"href":"https:\/\/swissmig.unine.ch\/index.php?rest_route=\/wp\/v2\/posts\/37750","targetHints":{"allow":["GET"]}}],"collection":[{"href":"https:\/\/swissmig.unine.ch\/index.php?rest_route=\/wp\/v2\/posts"}],"about":[{"href":"https:\/\/swissmig.unine.ch\/index.php?rest_route=\/wp\/v2\/types\/post"}],"author":[{"embeddable":true,"href":"https:\/\/swissmig.unine.ch\/index.php?rest_route=\/wp\/v2\/users\/4"}],"replies":[{"embeddable":true,"href":"https:\/\/swissmig.unine.ch\/index.php?rest_route=%2Fwp%2Fv2%2Fcomments&post=37750"}],"version-history":[{"count":0,"href":"https:\/\/swissmig.unine.ch\/index.php?rest_route=\/wp\/v2\/posts\/37750\/revisions"}],"wp:attachment":[{"href":"https:\/\/swissmig.unine.ch\/index.php?rest_route=%2Fwp%2Fv2%2Fmedia&parent=37750"}],"wp:term":[{"taxonomy":"category","embeddable":true,"href":"https:\/\/swissmig.unine.ch\/index.php?rest_route=%2Fwp%2Fv2%2Fcategories&post=37750"},{"taxonomy":"post_tag","embeddable":true,"href":"https:\/\/swissmig.unine.ch\/index.php?rest_route=%2Fwp%2Fv2%2Ftags&post=37750"}],"curies":[{"name":"wp","href":"https:\/\/api.w.org\/{rel}","templated":true}]}}