{"id":37743,"date":"2025-07-28T08:00:00","date_gmt":"2025-07-28T07:00:00","guid":{"rendered":"https:\/\/swissmig.wordpress.com\/?p=37743"},"modified":"2025-07-28T08:00:00","modified_gmt":"2025-07-28T07:00:00","slug":"la-restriction-dacces-au-proces-verbal-comme-entrave-a-une-procedure-efficace-et-equitable","status":"publish","type":"post","link":"https:\/\/swissmig.unine.ch\/?p=37743","title":{"rendered":"La restriction d\u2019acc\u00e8s au proc\u00e8s-verbal comme entrave \u00e0 une proc\u00e9dure efficace et \u00e9quitable"},"content":{"rendered":"\n<h3 class=\"wp-block-heading\">Author(s) : Marie Dustin Khammas, Caroline Jankech, Gabriella Tau<\/h3>\n\n\n\n<h3 class=\"wp-block-heading\">Source : <a href=\"https:\/\/asyl.recht.ch\/fr\/artikel\/03asyl0225abh\/la-restriction-dacces-au-proces-verbal-comme-entrave-une-procedure-efficace\" target=\"_blank\" rel=\"noreferrer noopener\">https:\/\/asyl.recht.ch\/fr\/artikel\/03asyl0225abh\/la-restriction-dacces-au-proces-verbal-comme-entrave-une-procedure-efficace<\/a><\/h3>\n\n\n\n<p><strong>Abstract: <\/strong><\/p>\n\n\n\n<!--more-->\n\n\n\n<blockquote class=\"wp-block-quote is-layout-flow wp-block-quote-is-layout-flow\">\n<h2 class=\"wp-block-heading\">R\u00e9sum\u00e9<\/h2>\n\n\n\n<p>La restriction d\u2019acc\u00e8s aux proc\u00e8s-verbaux des auditions d\u2019asile, fond\u00e9e sur <a href=\"https:\/\/www.fedlex.admin.ch\/eli\/cc\/1969\/737_757_755\/fr#art_27\" target=\"_blank\" rel=\"noreferrer noopener\">l\u2019art. 27 PA<\/a> selon le SEM, est une pratique administrative instaur\u00e9e de longue date, dont la conformit\u00e9 avec le droit constitutionnel et f\u00e9d\u00e9ral doit \u00eatre examin\u00e9e \u00e0 la lumi\u00e8re des \u00e9volutions r\u00e9centes du droit d\u2019asile. L\u2019instauration d\u2019une repr\u00e9sentation juridique qualifi\u00e9e, au moment de la restructuration du domaine de l\u2019asile, implique en effet un changement de paradigme qui doit \u00eatre pris en compte lors de l\u2019analyse de la l\u00e9galit\u00e9 de cette pratique. Les autrices consid\u00e8rent que la mesure restrictive que le SEM justifie par les besoins de l\u2019instruction, en particulier la lutte contre les abus, entrave la proc\u00e9dure et porte une atteinte disproportionn\u00e9e au droit d\u2019\u00eatre entendu des requ\u00e9rant\u2219e\u2219s d\u2019asile.<\/p>\n<\/blockquote>\n","protected":false},"excerpt":{"rendered":"<p>Author(s) : Marie Dustin Khammas, Caroline Jankech, Gabriella Tau Source&#8230;<\/p>\n","protected":false},"author":4,"featured_media":0,"comment_status":"open","ping_status":"open","sticky":false,"template":"","format":"standard","meta":{"_kadence_starter_templates_imported_post":false,"_kad_post_transparent":"","_kad_post_title":"","_kad_post_layout":"","_kad_post_sidebar_id":"","_kad_post_content_style":"","_kad_post_vertical_padding":"","_kad_post_feature":"","_kad_post_feature_position":"","_kad_post_header":false,"_kad_post_footer":false,"_kad_post_classname":"","jetpack_post_was_ever_published":false,"_jetpack_newsletter_access":"","_jetpack_dont_email_post_to_subs":false,"_jetpack_newsletter_tier_id":0,"_jetpack_memberships_contains_paywalled_content":false,"_jetpack_memberships_contains_paid_content":false,"footnotes":""},"categories":[53],"tags":[306,7,822,49,112,50,52],"class_list":["post-37743","post","type-post","status-publish","format-standard","hentry","category-law","tag-306","tag-article","tag-asylum-audition","tag-asylum-policy","tag-asylum-procedure","tag-asylum-seekers","tag-french-language"],"jetpack_featured_media_url":"","jetpack_sharing_enabled":true,"_links":{"self":[{"href":"https:\/\/swissmig.unine.ch\/index.php?rest_route=\/wp\/v2\/posts\/37743","targetHints":{"allow":["GET"]}}],"collection":[{"href":"https:\/\/swissmig.unine.ch\/index.php?rest_route=\/wp\/v2\/posts"}],"about":[{"href":"https:\/\/swissmig.unine.ch\/index.php?rest_route=\/wp\/v2\/types\/post"}],"author":[{"embeddable":true,"href":"https:\/\/swissmig.unine.ch\/index.php?rest_route=\/wp\/v2\/users\/4"}],"replies":[{"embeddable":true,"href":"https:\/\/swissmig.unine.ch\/index.php?rest_route=%2Fwp%2Fv2%2Fcomments&post=37743"}],"version-history":[{"count":0,"href":"https:\/\/swissmig.unine.ch\/index.php?rest_route=\/wp\/v2\/posts\/37743\/revisions"}],"wp:attachment":[{"href":"https:\/\/swissmig.unine.ch\/index.php?rest_route=%2Fwp%2Fv2%2Fmedia&parent=37743"}],"wp:term":[{"taxonomy":"category","embeddable":true,"href":"https:\/\/swissmig.unine.ch\/index.php?rest_route=%2Fwp%2Fv2%2Fcategories&post=37743"},{"taxonomy":"post_tag","embeddable":true,"href":"https:\/\/swissmig.unine.ch\/index.php?rest_route=%2Fwp%2Fv2%2Ftags&post=37743"}],"curies":[{"name":"wp","href":"https:\/\/api.w.org\/{rel}","templated":true}]}}