{"id":37729,"date":"2025-07-21T08:00:00","date_gmt":"2025-07-21T07:00:00","guid":{"rendered":"https:\/\/swissmig.wordpress.com\/?p=37729"},"modified":"2025-07-21T08:00:00","modified_gmt":"2025-07-21T07:00:00","slug":"racisme-dans-les-soins-partie-3-le-syndrome-mediterraneen","status":"publish","type":"post","link":"https:\/\/swissmig.unine.ch\/?p=37729","title":{"rendered":"Racisme dans les soins (partie 3)\u2005: le syndrome m\u00e9diterran\u00e9en"},"content":{"rendered":"\n<h3 class=\"wp-block-heading\">Author(s) : Elise Blandenier, Manon Chollet, Kevin Morisod, V\u00e9ronique Grazioli, Kevin Dzi, Patrick Bodenmann, Rainer Tan<\/h3>\n\n\n\n<h3 class=\"wp-block-heading\">Source : <a href=\"https:\/\/doi.org\/10.53738\/revmed.2025.21.923.47038\" target=\"_blank\" rel=\"noreferrer noopener\">https:\/\/doi.org\/10.53738\/revmed.2025.21.923.47038<\/a><\/h3>\n\n\n\n<p><strong>Abstract: <\/strong><\/p>\n\n\n\n<!--more-->\n\n\n\n<blockquote class=\"wp-block-quote is-layout-flow wp-block-quote-is-layout-flow\">\n<p>Le \u00ab syndrome m\u00e9diterran\u00e9en \u00bb est un pr\u00e9jug\u00e9 ethno-racial d\u00e9finissant une suppos\u00e9e pratique culturelle selon laquelle les patient-e-s issu-e-s du pourtour m\u00e9diterran\u00e9en exprimeraient de mani\u00e8re plus d\u00e9monstrative leur douleur que les autres. Les origines de ce syndrome peuvent \u00eatre retrac\u00e9es et situ\u00e9es temporellement. La cat\u00e9gorie de patient-e-s concern\u00e9-e-s par cette d\u00e9nomination a \u00e9volu\u00e9 et inclut aujourd\u2019hui d\u2019autres personnes. Il serait confortable de consid\u00e9rer que le \u00ab syndrome m\u00e9diterran\u00e9en \u00bb a \u00e9t\u00e9 rel\u00e9gu\u00e9 \u00e0 l\u2019histoire. Pourtant, il demeure encore bien pr\u00e9sent dans les soins et reste une source de racisme dans les soins. Cet article analyse et pr\u00e9sente les origines de ce concept et propose des outils aux soignant-e-s afin qu\u2019ils et elles soient en mesure d\u2019identifier et de ne pas reproduire cette discrimination.<\/p>\n<\/blockquote>\n","protected":false},"excerpt":{"rendered":"<p>Author(s) : Elise Blandenier, Manon Chollet, Kevin Morisod, V\u00e9ronique Grazioli,&#8230;<\/p>\n","protected":false},"author":4,"featured_media":0,"comment_status":"open","ping_status":"open","sticky":false,"template":"","format":"standard","meta":{"_kadence_starter_templates_imported_post":false,"_kad_post_transparent":"","_kad_post_title":"","_kad_post_layout":"","_kad_post_sidebar_id":"","_kad_post_content_style":"","_kad_post_vertical_padding":"","_kad_post_feature":"","_kad_post_feature_position":"","_kad_post_header":false,"_kad_post_footer":false,"_kad_post_classname":"","jetpack_post_was_ever_published":false,"_jetpack_newsletter_access":"","_jetpack_dont_email_post_to_subs":false,"_jetpack_newsletter_tier_id":0,"_jetpack_memberships_contains_paywalled_content":false,"_jetpack_memberships_contains_paid_content":false,"footnotes":""},"categories":[59],"tags":[306,7,82,121,52,350,184,334,257],"class_list":["post-37729","post","type-post","status-publish","format-standard","hentry","category-health","tag-306","tag-article","tag-ethnic-discrimination","tag-ethnic-minorities","tag-french-language","tag-health-inequalities","tag-hospital","tag-racism","tag-stereotypes"],"jetpack_featured_media_url":"","jetpack_sharing_enabled":true,"_links":{"self":[{"href":"https:\/\/swissmig.unine.ch\/index.php?rest_route=\/wp\/v2\/posts\/37729","targetHints":{"allow":["GET"]}}],"collection":[{"href":"https:\/\/swissmig.unine.ch\/index.php?rest_route=\/wp\/v2\/posts"}],"about":[{"href":"https:\/\/swissmig.unine.ch\/index.php?rest_route=\/wp\/v2\/types\/post"}],"author":[{"embeddable":true,"href":"https:\/\/swissmig.unine.ch\/index.php?rest_route=\/wp\/v2\/users\/4"}],"replies":[{"embeddable":true,"href":"https:\/\/swissmig.unine.ch\/index.php?rest_route=%2Fwp%2Fv2%2Fcomments&post=37729"}],"version-history":[{"count":0,"href":"https:\/\/swissmig.unine.ch\/index.php?rest_route=\/wp\/v2\/posts\/37729\/revisions"}],"wp:attachment":[{"href":"https:\/\/swissmig.unine.ch\/index.php?rest_route=%2Fwp%2Fv2%2Fmedia&parent=37729"}],"wp:term":[{"taxonomy":"category","embeddable":true,"href":"https:\/\/swissmig.unine.ch\/index.php?rest_route=%2Fwp%2Fv2%2Fcategories&post=37729"},{"taxonomy":"post_tag","embeddable":true,"href":"https:\/\/swissmig.unine.ch\/index.php?rest_route=%2Fwp%2Fv2%2Ftags&post=37729"}],"curies":[{"name":"wp","href":"https:\/\/api.w.org\/{rel}","templated":true}]}}