{"id":37725,"date":"2025-07-21T08:00:00","date_gmt":"2025-07-21T07:00:00","guid":{"rendered":"https:\/\/swissmig.wordpress.com\/?p=37725"},"modified":"2025-07-21T08:00:00","modified_gmt":"2025-07-21T07:00:00","slug":"procedure-24-heures-et-preservation-des-garanties-procedurales-quels-enjeux","status":"publish","type":"post","link":"https:\/\/swissmig.unine.ch\/?p=37725","title":{"rendered":"Proc\u00e9dure \u00ab 24 heures \u00bb et pr\u00e9servation des garanties proc\u00e9durales : quels enjeux ?"},"content":{"rendered":"\n<h3 class=\"wp-block-heading\">Author(s) : Cesla Amarelle, Guillaume B\u00e9gert<\/h3>\n\n\n\n<h3 class=\"wp-block-heading\">Source : <a href=\"https:\/\/asyl.recht.ch\/fr\/artikel\/01asyl0225abh\/procedure-24-heures-et-preservation-des-garanties-procedurales-quels-enjeux\" target=\"_blank\" rel=\"noreferrer noopener\">https:\/\/asyl.recht.ch\/fr\/artikel\/01asyl0225abh\/procedure-24-heures-et-preservation-des-garanties-procedurales-quels-enjeux<\/a><\/h3>\n\n\n\n<p><strong>Abstract: <\/strong><\/p>\n\n\n\n<!--more-->\n\n\n\n<blockquote class=\"wp-block-quote is-layout-flow wp-block-quote-is-layout-flow\">\n<h2 class=\"wp-block-heading\">R\u00e9sum\u00e9<\/h2>\n\n\n\n<p>La proc\u00e9dure \u00ab 24 heures \u00bb introduite en avril 2024 impose aux personnes originaires des principaux pays du Maghreb une cadence tr\u00e8s soutenue dans le traitement de leur demande d\u2019asile. Apr\u00e8s avoir observ\u00e9 sa mise en \u0153uvre au cours des derniers mois, les auteurs analysent cette intensification de la proc\u00e9dure acc\u00e9l\u00e9r\u00e9e dans le but de mieux comprendre les effets de ces nouvelles contraintes de temporalit\u00e9s sur le droit d\u2019asile. Ils soul\u00e8vent plusieurs probl\u00e9matiques qui influent sur la substance m\u00eame des garanties proc\u00e9durales (\u00e9rosion du droit \u00e0 l\u2019information et du droit d\u2019\u00eatre entendu, intensification des d\u00e9cisions de radiation, absence de d\u00e9tection et de prise en compte des vuln\u00e9rabilit\u00e9s, etc.). Ils esquissent finalement quelques propositions de mesures compensatoires visant \u00e0 pr\u00e9server les garanties proc\u00e9durales.<\/p>\n<\/blockquote>\n","protected":false},"excerpt":{"rendered":"<p>Author(s) : Cesla Amarelle, Guillaume B\u00e9gert Source : https:\/\/asyl.recht.ch\/fr\/artikel\/01asyl0225abh\/procedure-24-heures-et-preservation-des-garanties-procedurales-quels-enjeux Abstract:<\/p>\n","protected":false},"author":4,"featured_media":0,"comment_status":"open","ping_status":"open","sticky":false,"template":"","format":"standard","meta":{"_kadence_starter_templates_imported_post":false,"_kad_post_transparent":"","_kad_post_title":"","_kad_post_layout":"","_kad_post_sidebar_id":"","_kad_post_content_style":"","_kad_post_vertical_padding":"","_kad_post_feature":"","_kad_post_feature_position":"","_kad_post_header":false,"_kad_post_footer":false,"_kad_post_classname":"","jetpack_post_was_ever_published":false,"_jetpack_newsletter_access":"","_jetpack_dont_email_post_to_subs":false,"_jetpack_newsletter_tier_id":0,"_jetpack_memberships_contains_paywalled_content":false,"_jetpack_memberships_contains_paid_content":false,"footnotes":""},"categories":[53],"tags":[306,7,111,49,112,50,52,572,719],"class_list":["post-37725","post","type-post","status-publish","format-standard","hentry","category-law","tag-306","tag-article","tag-asylum-applications","tag-asylum-policy","tag-asylum-procedure","tag-asylum-seekers","tag-french-language","tag-north-africa","tag-refugee-law"],"jetpack_featured_media_url":"","jetpack_sharing_enabled":true,"_links":{"self":[{"href":"https:\/\/swissmig.unine.ch\/index.php?rest_route=\/wp\/v2\/posts\/37725","targetHints":{"allow":["GET"]}}],"collection":[{"href":"https:\/\/swissmig.unine.ch\/index.php?rest_route=\/wp\/v2\/posts"}],"about":[{"href":"https:\/\/swissmig.unine.ch\/index.php?rest_route=\/wp\/v2\/types\/post"}],"author":[{"embeddable":true,"href":"https:\/\/swissmig.unine.ch\/index.php?rest_route=\/wp\/v2\/users\/4"}],"replies":[{"embeddable":true,"href":"https:\/\/swissmig.unine.ch\/index.php?rest_route=%2Fwp%2Fv2%2Fcomments&post=37725"}],"version-history":[{"count":0,"href":"https:\/\/swissmig.unine.ch\/index.php?rest_route=\/wp\/v2\/posts\/37725\/revisions"}],"wp:attachment":[{"href":"https:\/\/swissmig.unine.ch\/index.php?rest_route=%2Fwp%2Fv2%2Fmedia&parent=37725"}],"wp:term":[{"taxonomy":"category","embeddable":true,"href":"https:\/\/swissmig.unine.ch\/index.php?rest_route=%2Fwp%2Fv2%2Fcategories&post=37725"},{"taxonomy":"post_tag","embeddable":true,"href":"https:\/\/swissmig.unine.ch\/index.php?rest_route=%2Fwp%2Fv2%2Ftags&post=37725"}],"curies":[{"name":"wp","href":"https:\/\/api.w.org\/{rel}","templated":true}]}}