{"id":37709,"date":"2025-07-14T08:00:00","date_gmt":"2025-07-14T07:00:00","guid":{"rendered":"https:\/\/swissmig.wordpress.com\/?p=37709"},"modified":"2025-07-14T08:00:00","modified_gmt":"2025-07-14T07:00:00","slug":"racisme-dans-les-soins-partie-2-biais-implicites","status":"publish","type":"post","link":"https:\/\/swissmig.unine.ch\/?p=37709","title":{"rendered":"Racisme dans les soins (partie 2) : biais implicites"},"content":{"rendered":"\n<h3 class=\"wp-block-heading\">Author(s) : Elise Blandenier, Jean Baptiste Ngassop, Kevin Morisod, V\u00e9ronique Grazioli, Nolwenn B\u00fchler Viredaz, Kevin Dzi, Brigitte Pahud Vermeulen, Patrick Bodenmann, Rainer Tan<\/h3>\n\n\n\n<h3 class=\"wp-block-heading\">Source : <a href=\"https:\/\/doi.org\/10.53738\/revmed.2025.21.906.351\" target=\"_blank\" rel=\"noreferrer noopener\">https:\/\/doi.org\/10.53738\/revmed.2025.21.906.351<\/a><\/h3>\n\n\n\n<p><strong>Abstract: <\/strong><\/p>\n\n\n\n<!--more-->\n\n\n\n<blockquote class=\"wp-block-quote is-layout-flow wp-block-quote-is-layout-flow\">\n<p>Comme l\u2019ensemble de la population, toutes les soignantes et soignants ont des biais implicites envers les patientes et patients racis\u00e9s. Contrairement aux biais explicites, les actes d\u00e9coulant des biais implicites ne sont pas intentionnels, mais peuvent n\u00e9anmoins avoir des cons\u00e9quences importantes sur les soins prodigu\u00e9s aux patientes et patients. De nombreuses \u00e9tudes ont d\u00e9montr\u00e9 que ce type de biais entra\u00eenait, entre autres, une gestion inad\u00e9quate de la douleur, une fausse identification de l\u2019urgence et une mauvaise communication patient-soignant. Ce deuxi\u00e8me article d\u2019une s\u00e9rie sur le racisme dans les soins explore la diversit\u00e9 des formes que peuvent prendre les biais implicites, l\u2019\u00e9tendue de leurs r\u00e9percussions dans la pratique et la mani\u00e8re dont les soignantes et soignants peuvent les att\u00e9nuer dans le but de fournir des soins plus \u00e9quitables aux patientes et patients racis\u00e9s.<\/p>\n<\/blockquote>\n\n\n\n<p><\/p>\n","protected":false},"excerpt":{"rendered":"<p>Author(s) : Elise Blandenier, Jean Baptiste Ngassop, Kevin Morisod, V\u00e9ronique&#8230;<\/p>\n","protected":false},"author":4,"featured_media":0,"comment_status":"open","ping_status":"open","sticky":false,"template":"","format":"standard","meta":{"_kadence_starter_templates_imported_post":false,"_kad_post_transparent":"","_kad_post_title":"","_kad_post_layout":"","_kad_post_sidebar_id":"","_kad_post_content_style":"","_kad_post_vertical_padding":"","_kad_post_feature":"","_kad_post_feature_position":"","_kad_post_header":false,"_kad_post_footer":false,"_kad_post_classname":"","jetpack_post_was_ever_published":false,"_jetpack_newsletter_access":"","_jetpack_dont_email_post_to_subs":false,"_jetpack_newsletter_tier_id":0,"_jetpack_memberships_contains_paywalled_content":false,"_jetpack_memberships_contains_paid_content":false,"footnotes":""},"categories":[59],"tags":[306,7,82,121,52,350,184,480,334,257],"class_list":["post-37709","post","type-post","status-publish","format-standard","hentry","category-health","tag-306","tag-article","tag-ethnic-discrimination","tag-ethnic-minorities","tag-french-language","tag-health-inequalities","tag-hospital","tag-public-health","tag-racism","tag-stereotypes"],"jetpack_featured_media_url":"","jetpack_sharing_enabled":true,"_links":{"self":[{"href":"https:\/\/swissmig.unine.ch\/index.php?rest_route=\/wp\/v2\/posts\/37709","targetHints":{"allow":["GET"]}}],"collection":[{"href":"https:\/\/swissmig.unine.ch\/index.php?rest_route=\/wp\/v2\/posts"}],"about":[{"href":"https:\/\/swissmig.unine.ch\/index.php?rest_route=\/wp\/v2\/types\/post"}],"author":[{"embeddable":true,"href":"https:\/\/swissmig.unine.ch\/index.php?rest_route=\/wp\/v2\/users\/4"}],"replies":[{"embeddable":true,"href":"https:\/\/swissmig.unine.ch\/index.php?rest_route=%2Fwp%2Fv2%2Fcomments&post=37709"}],"version-history":[{"count":0,"href":"https:\/\/swissmig.unine.ch\/index.php?rest_route=\/wp\/v2\/posts\/37709\/revisions"}],"wp:attachment":[{"href":"https:\/\/swissmig.unine.ch\/index.php?rest_route=%2Fwp%2Fv2%2Fmedia&parent=37709"}],"wp:term":[{"taxonomy":"category","embeddable":true,"href":"https:\/\/swissmig.unine.ch\/index.php?rest_route=%2Fwp%2Fv2%2Fcategories&post=37709"},{"taxonomy":"post_tag","embeddable":true,"href":"https:\/\/swissmig.unine.ch\/index.php?rest_route=%2Fwp%2Fv2%2Ftags&post=37709"}],"curies":[{"name":"wp","href":"https:\/\/api.w.org\/{rel}","templated":true}]}}