{"id":37705,"date":"2025-07-14T08:00:00","date_gmt":"2025-07-14T07:00:00","guid":{"rendered":"https:\/\/swissmig.wordpress.com\/?p=37705"},"modified":"2025-07-14T08:00:00","modified_gmt":"2025-07-14T07:00:00","slug":"les-emigrants-saisonniers-espagnols-de-la-periode-franquiste-a-nos-jours-au-sujet-du-programme-de-recherche-los-otros-emigrantes-trabajadores-temporeros-en-europa-1945%e2%80%912022","status":"publish","type":"post","link":"https:\/\/swissmig.unine.ch\/?p=37705","title":{"rendered":"Les \u00e9migrants saisonniers espagnols de la p\u00e9riode franquiste \u00e0 nos\u00a0jours : au sujet du programme de recherche Los otros emigrantes. Trabajadores temporeros en Europa\u00a01945\u20112022"},"content":{"rendered":"\n<h3 class=\"wp-block-heading\">Author(s) : Dami\u00e1n\u00a0A. Gonz\u00e1lez\u00a0Madrid, Manuel Ortiz\u00a0Heras<\/h3>\n\n\n\n<h3 class=\"wp-block-heading\">Source : <a href=\"https:\/\/doi.org\/10.4000\/144eg\" target=\"_blank\" rel=\"noreferrer noopener\">https:\/\/doi.org\/10.4000\/144eg<\/a><\/h3>\n\n\n\n<p><strong>Abstract<\/strong> N\/A<\/p>\n","protected":false},"excerpt":{"rendered":"<p>Author(s) : Dami\u00e1n\u00a0A. Gonz\u00e1lez\u00a0Madrid, Manuel Ortiz\u00a0Heras Source : https:\/\/doi.org\/10.4000\/144eg Abstract&#8230;<\/p>\n","protected":false},"author":4,"featured_media":0,"comment_status":"open","ping_status":"open","sticky":false,"template":"","format":"standard","meta":{"_kadence_starter_templates_imported_post":false,"_kad_post_transparent":"","_kad_post_title":"","_kad_post_layout":"","_kad_post_sidebar_id":"","_kad_post_content_style":"","_kad_post_vertical_padding":"","_kad_post_feature":"","_kad_post_feature_position":"","_kad_post_header":false,"_kad_post_footer":false,"_kad_post_classname":"","jetpack_post_was_ever_published":false,"_jetpack_newsletter_access":"","_jetpack_dont_email_post_to_subs":false,"_jetpack_newsletter_tier_id":0,"_jetpack_memberships_contains_paywalled_content":false,"_jetpack_memberships_contains_paid_content":false,"footnotes":""},"categories":[35],"tags":[306,7,58,52,220,349,245],"class_list":["post-37705","post","type-post","status-publish","format-standard","hentry","category-history","tag-306","tag-article","tag-europe","tag-french-language","tag-seasonal-workers","tag-spaniards","tag-temporary-migration"],"jetpack_featured_media_url":"","jetpack_sharing_enabled":true,"_links":{"self":[{"href":"https:\/\/swissmig.unine.ch\/index.php?rest_route=\/wp\/v2\/posts\/37705","targetHints":{"allow":["GET"]}}],"collection":[{"href":"https:\/\/swissmig.unine.ch\/index.php?rest_route=\/wp\/v2\/posts"}],"about":[{"href":"https:\/\/swissmig.unine.ch\/index.php?rest_route=\/wp\/v2\/types\/post"}],"author":[{"embeddable":true,"href":"https:\/\/swissmig.unine.ch\/index.php?rest_route=\/wp\/v2\/users\/4"}],"replies":[{"embeddable":true,"href":"https:\/\/swissmig.unine.ch\/index.php?rest_route=%2Fwp%2Fv2%2Fcomments&post=37705"}],"version-history":[{"count":0,"href":"https:\/\/swissmig.unine.ch\/index.php?rest_route=\/wp\/v2\/posts\/37705\/revisions"}],"wp:attachment":[{"href":"https:\/\/swissmig.unine.ch\/index.php?rest_route=%2Fwp%2Fv2%2Fmedia&parent=37705"}],"wp:term":[{"taxonomy":"category","embeddable":true,"href":"https:\/\/swissmig.unine.ch\/index.php?rest_route=%2Fwp%2Fv2%2Fcategories&post=37705"},{"taxonomy":"post_tag","embeddable":true,"href":"https:\/\/swissmig.unine.ch\/index.php?rest_route=%2Fwp%2Fv2%2Ftags&post=37705"}],"curies":[{"name":"wp","href":"https:\/\/api.w.org\/{rel}","templated":true}]}}