{"id":37701,"date":"2025-07-07T08:00:00","date_gmt":"2025-07-07T07:00:00","guid":{"rendered":"https:\/\/swissmig.wordpress.com\/?p=37701"},"modified":"2025-07-07T08:00:00","modified_gmt":"2025-07-07T07:00:00","slug":"denkanstose-fur-emanzipatorische-perspektiven-auf-gleichstellung-diversity-und-inklusion-an-schweizer-universitaten","status":"publish","type":"post","link":"https:\/\/swissmig.unine.ch\/?p=37701","title":{"rendered":"Denkanst\u00f6\u00dfe f\u00fcr emanzipatorische Perspektiven auf Gleichstellung, Diversity und Inklusion an Schweizer Universit\u00e4ten"},"content":{"rendered":"\n<h3 class=\"wp-block-heading\">Author(s) : Anika Thym<\/h3>\n\n\n\n<h3 class=\"wp-block-heading\">Source : <a href=\"https:\/\/doi.org\/10.1007\/978-3-658-44988-9_11\" target=\"_blank\" rel=\"noreferrer noopener\">https:\/\/doi.org\/10.1007\/978-3-658-44988-9_11<\/a><\/h3>\n\n\n\n<p><strong>Abstract: <\/strong><\/p>\n\n\n\n<!--more-->\n\n\n\n<blockquote class=\"wp-block-quote is-layout-flow wp-block-quote-is-layout-flow\">\n<p>&#8220;Gegenstand dieses Beitrags sind \u00dcberlegungen zu emanzipatorischen Perspektiven f\u00fcr die Realisierung von Gleichstellung und nicht-hierarchisierender Anerkennung von Differenz und Vielfalt. Der Fokus liegt auf Schweizer Universit\u00e4ten und ergibt sich biographisch aus meinem Studien- und Forschungsverlauf an Universit\u00e4ten und meinem hochschulpolitischen Engagement insbesondere in der Kommission f\u00fcr Chancengleichheit der philosophisch-historischen Fakult\u00e4t der Universit\u00e4t Basel als Vertreterin der Gruppierung III (Doktorierende und Postdoktorierende) von 2018 bis 2023. F\u00fcr diese durfte ich einen Rechercheauftrag zu \u00abVielf\u00e4ltigen Differenzdimensionen, Lebensentw\u00fcrfen und Wissenspraxen: Gleichstellung, Chancengleichheit, Vielfalt\/Diversity und Inklusion an Schweizer Universit\u00e4ten\u00bb (als Brosch\u00fcre verf\u00fcgbar unter Thym, 2020; 2021) durchf\u00fchren, welcher die Grundlage dieses Beitrags ist.&#8221;<\/p>\n<\/blockquote>\n","protected":false},"excerpt":{"rendered":"<p>Author(s) : Anika Thym Source : https:\/\/doi.org\/10.1007\/978-3-658-44988-9_11 Abstract:<\/p>\n","protected":false},"author":4,"featured_media":0,"comment_status":"open","ping_status":"open","sticky":false,"template":"","format":"standard","meta":{"_kadence_starter_templates_imported_post":false,"_kad_post_transparent":"","_kad_post_title":"","_kad_post_layout":"","_kad_post_sidebar_id":"","_kad_post_content_style":"","_kad_post_vertical_padding":"","_kad_post_feature":"","_kad_post_feature_position":"","_kad_post_header":false,"_kad_post_footer":false,"_kad_post_classname":"","jetpack_post_was_ever_published":false,"_jetpack_newsletter_access":"","_jetpack_dont_email_post_to_subs":false,"_jetpack_newsletter_tier_id":0,"_jetpack_memberships_contains_paywalled_content":false,"_jetpack_memberships_contains_paid_content":false,"footnotes":""},"categories":[61],"tags":[291,32,409,79,73,80,280,36,180,91,340,158],"class_list":["post-37701","post","type-post","status-publish","format-standard","hentry","category-education","tag-291","tag-book-chapter","tag-cultural-diversity","tag-equal-opportunities","tag-german-language","tag-higher-education","tag-immigration-background","tag-migration-policy","tag-multiculturalism","tag-social-integration","tag-social-support","tag-working-conditions"],"jetpack_featured_media_url":"","jetpack_sharing_enabled":true,"_links":{"self":[{"href":"https:\/\/swissmig.unine.ch\/index.php?rest_route=\/wp\/v2\/posts\/37701","targetHints":{"allow":["GET"]}}],"collection":[{"href":"https:\/\/swissmig.unine.ch\/index.php?rest_route=\/wp\/v2\/posts"}],"about":[{"href":"https:\/\/swissmig.unine.ch\/index.php?rest_route=\/wp\/v2\/types\/post"}],"author":[{"embeddable":true,"href":"https:\/\/swissmig.unine.ch\/index.php?rest_route=\/wp\/v2\/users\/4"}],"replies":[{"embeddable":true,"href":"https:\/\/swissmig.unine.ch\/index.php?rest_route=%2Fwp%2Fv2%2Fcomments&post=37701"}],"version-history":[{"count":0,"href":"https:\/\/swissmig.unine.ch\/index.php?rest_route=\/wp\/v2\/posts\/37701\/revisions"}],"wp:attachment":[{"href":"https:\/\/swissmig.unine.ch\/index.php?rest_route=%2Fwp%2Fv2%2Fmedia&parent=37701"}],"wp:term":[{"taxonomy":"category","embeddable":true,"href":"https:\/\/swissmig.unine.ch\/index.php?rest_route=%2Fwp%2Fv2%2Fcategories&post=37701"},{"taxonomy":"post_tag","embeddable":true,"href":"https:\/\/swissmig.unine.ch\/index.php?rest_route=%2Fwp%2Fv2%2Ftags&post=37701"}],"curies":[{"name":"wp","href":"https:\/\/api.w.org\/{rel}","templated":true}]}}