{"id":3769,"date":"2020-05-11T08:00:27","date_gmt":"2020-05-11T07:00:27","guid":{"rendered":"https:\/\/swissmig.wordpress.com\/?p=3769"},"modified":"2020-05-11T08:00:27","modified_gmt":"2020-05-11T07:00:27","slug":"personnes-sortant-du-systeme-dasile-profils-itineraires-ou-echappatoires-perspectives","status":"publish","type":"post","link":"https:\/\/swissmig.unine.ch\/?p=3769","title":{"rendered":"Personnes sortant du syst\u00e8me d\u2019asile : profils, itin\u00e9raires (ou \u00e9chappatoires), perspectives"},"content":{"rendered":"<h3>Author(s) : Martin Stalder, Claudio Spadarotto<\/h3>\n<h3>Source : <a href=\"https:\/\/www.ekm.admin.ch\/dam\/data\/ekm\/dokumentation\/materialien\/kurzber_ausscheiden_asylsystem_f.pdf\" target=\"_blank\" rel=\"noopener\">https:\/\/www.ekm.admin.ch\/dam\/data\/ekm\/dokumentation\/materialien\/kurzber_ausscheiden_asylsystem_f.pdf<\/a><\/h3>\n<p><strong>Abstract: <\/strong><!--more--><\/p>\n<blockquote>\n<p style=\"text-align:justify;\">&#8220;Au cours de la proc\u00e9dure d\u2019asile, le Secr\u00e9tariat d\u2019\u00c9tat aux migrations SEM v\u00e9rifie si les requ\u00e9rants pr\u00e9sentent des motifs justifiant une demande d\u2019asile et sont \u00e0 m\u00eame de les rendre cr\u00e9dibles. Les personnes qui le peuvent sont reconnues comme r\u00e9fugi\u00e9s. Celles qui ne le peuvent pas n\u2019obtiennent pas l\u2019asile et sont contraintes de retourner dans leur pays d\u2019origine ou de provenance. Les demandeurs d\u2019asile peuvent aussi \u00e9chouer au cours de la proc\u00e9dure en raison de diff\u00e9rents obstacles et sortir du processus d\u2019asile \u00e0 diff\u00e9rents moments. Apr\u00e8s le refus d\u2019une demande d\u2019asile, ou en cas de d\u00e9cision de non-entr\u00e9e en mati\u00e8re (NEM), le renvoi de la personne concern\u00e9e est prononc\u00e9. Si le retour n\u2019est pas exigible, pas licite ou impossible, il convient d\u2019octroyer une admission provisoire. Autrement, les requ\u00e9rants d\u2019asile d\u00e9bout\u00e9s en application des dispositions l\u00e9gales doivent quitter la Suisse dans l\u2019espace d\u2019un d\u00e9lai imparti.<br \/>\nMais qu\u2019arrive-t-il exactement aux personnes qui quittent le syst\u00e8me d\u2019asile suisse parce qu\u2019elles ont re\u00e7u une d\u00e9cision d\u2019asile n\u00e9gative ou parce qu\u2019elles ne sont pas admises \u00e0 titre provisoire ? Quels sont les profils de ces personnes ? Quels sont les diff\u00e9rents itin\u00e9raires qu\u2019elles empruntent ? Quelles sont leurs \u00e9chappatoires ? Quelles perspectives ont-elles d\u00e9velopp\u00e9 pour leur vie ?&#8221;<\/p>\n<\/blockquote>\n<p>&nbsp;<\/p>\n","protected":false},"excerpt":{"rendered":"<p>Author(s) : Martin Stalder, Claudio Spadarotto Source : https:\/\/www.ekm.admin.ch\/dam\/data\/ekm\/dokumentation\/materialien\/kurzber_ausscheiden_asylsystem_f.pdf Abstract:<\/p>\n","protected":false},"author":4,"featured_media":0,"comment_status":"open","ping_status":"open","sticky":false,"template":"","format":"standard","meta":{"_kadence_starter_templates_imported_post":false,"_kad_post_transparent":"","_kad_post_title":"","_kad_post_layout":"","_kad_post_sidebar_id":"","_kad_post_content_style":"","_kad_post_vertical_padding":"","_kad_post_feature":"","_kad_post_feature_position":"","_kad_post_header":false,"_kad_post_footer":false,"_kad_post_classname":"","jetpack_post_was_ever_published":false,"_jetpack_newsletter_access":"","_jetpack_dont_email_post_to_subs":false,"_jetpack_newsletter_tier_id":0,"_jetpack_memberships_contains_paywalled_content":false,"_jetpack_memberships_contains_paid_content":false,"footnotes":""},"categories":[12],"tags":[582,111,112,651,50,8,163,430,52,87,98,249,46,402],"class_list":["post-3769","post","type-post","status-publish","format-standard","hentry","category-politics","tag-582","tag-asylum-applications","tag-asylum-procedure","tag-asylum-recognition-rates","tag-asylum-seekers","tag-case-study","tag-deportation","tag-focus-group","tag-french-language","tag-history","tag-immigration-policy","tag-report","tag-return-migration","tag-temporary-admission"],"jetpack_featured_media_url":"","jetpack_sharing_enabled":true,"_links":{"self":[{"href":"https:\/\/swissmig.unine.ch\/index.php?rest_route=\/wp\/v2\/posts\/3769","targetHints":{"allow":["GET"]}}],"collection":[{"href":"https:\/\/swissmig.unine.ch\/index.php?rest_route=\/wp\/v2\/posts"}],"about":[{"href":"https:\/\/swissmig.unine.ch\/index.php?rest_route=\/wp\/v2\/types\/post"}],"author":[{"embeddable":true,"href":"https:\/\/swissmig.unine.ch\/index.php?rest_route=\/wp\/v2\/users\/4"}],"replies":[{"embeddable":true,"href":"https:\/\/swissmig.unine.ch\/index.php?rest_route=%2Fwp%2Fv2%2Fcomments&post=3769"}],"version-history":[{"count":0,"href":"https:\/\/swissmig.unine.ch\/index.php?rest_route=\/wp\/v2\/posts\/3769\/revisions"}],"wp:attachment":[{"href":"https:\/\/swissmig.unine.ch\/index.php?rest_route=%2Fwp%2Fv2%2Fmedia&parent=3769"}],"wp:term":[{"taxonomy":"category","embeddable":true,"href":"https:\/\/swissmig.unine.ch\/index.php?rest_route=%2Fwp%2Fv2%2Fcategories&post=3769"},{"taxonomy":"post_tag","embeddable":true,"href":"https:\/\/swissmig.unine.ch\/index.php?rest_route=%2Fwp%2Fv2%2Ftags&post=3769"}],"curies":[{"name":"wp","href":"https:\/\/api.w.org\/{rel}","templated":true}]}}