{"id":37689,"date":"2025-06-24T15:49:00","date_gmt":"2025-06-24T14:49:00","guid":{"rendered":"https:\/\/swissmig.wordpress.com\/?p=37689"},"modified":"2025-06-24T15:49:00","modified_gmt":"2025-06-24T14:49:00","slug":"la-communaute-hispanophone-en-suisse-romande-et-ses-pratiques-linguistiques","status":"publish","type":"post","link":"https:\/\/swissmig.unine.ch\/?p=37689","title":{"rendered":"La communaut\u00e9 hispanophone en Suisse romande et ses pratiques linguistiques"},"content":{"rendered":"\n<h3 class=\"wp-block-heading\">Author(s) : M\u00f3nica Castillo Lluch<\/h3>\n\n\n\n<h3 class=\"wp-block-heading\">Source (fr) : <a href=\"https:\/\/doi.org\/10.3917\/es.052.0041\" target=\"_blank\" rel=\"noreferrer noopener\">https:\/\/doi.org\/10.3917\/es.052.0041<\/a><\/h3>\n\n\n\n<p><strong>Abstract: <\/strong><\/p>\n\n\n\n<!--more-->\n\n\n\n<blockquote class=\"wp-block-quote is-layout-flow wp-block-quote-is-layout-flow\">\n<p>&#8220;Cet article pr\u00e9sente le <em>Corpus oral de la lengua espa\u00f1ola en la Suiza franc\u00f3fona<\/em> (COLESfran), qui depuis 2013 recueille des t\u00e9moignages d\u2019hispanophones r\u00e9sidant en Suisse romande dans le but d\u2019analyser aussi bien le processus d\u2019int\u00e9gration linguistique de cette communaut\u00e9 dans ce pays d\u2019accueil que l\u2019influence que le fran\u00e7ais exerce sur l\u2019espagnol de ces locuteurs. Apr\u00e8s un bref profil d\u00e9mographique et historique de la communaut\u00e9 hispanophone en Suisse (romande) sont expos\u00e9s les objectifs, la m\u00e9thodologie du corpus, son \u00e9tat actuel et les d\u00e9fis auxquels il est confront\u00e9. Sont \u00e9galement pr\u00e9sent\u00e9s l\u2019int\u00e9r\u00eat du corpus en tant qu\u2019outil p\u00e9dagogique, certains de ses r\u00e9sultats et les perspectives actuelles du projet.&#8221;<\/p>\n\n\n\n<p>&#8220;This article presents the <em>Corpus Oral de la lengua espa\u00f1ola en la Suiza franc\u00f3fona<\/em> (COLESfran), which since 2013 has been collecting testimonies from Spanish speakers living in the French-speaking part of Switzerland with the aim of analysing both the process of linguistic integration of this community in the host country and the influence that French exerts on the Spanish of these speakers. After a brief demographic and historical profile of the Spanish-speaking community in (French-speaking) Switzerland, the objectives, the methodology of the corpus, its current status and the challenges it faces are presented. The interest of the corpus as a teaching tool, some of its results and the current prospects of the project are also presented.&#8221;<\/p>\n\n\n\n<p><strong>Mots-cl\u00e9s <\/strong>: contact espagnol-fran\u00e7ais, corpus oral, migration, espagnol en Suisse<br><strong>Keywords<\/strong>: Spanish-French contact, oral corpus, migration, Spanish in Switzerland<\/p>\n\n\n\n<p><\/p>\n<\/blockquote>\n","protected":false},"excerpt":{"rendered":"<p>Author(s) : M\u00f3nica Castillo Lluch Source (fr) : https:\/\/doi.org\/10.3917\/es.052.0041 Abstract:<\/p>\n","protected":false},"author":4,"featured_media":0,"comment_status":"open","ping_status":"open","sticky":false,"template":"","format":"standard","meta":{"_kadence_starter_templates_imported_post":false,"_kad_post_transparent":"","_kad_post_title":"","_kad_post_layout":"","_kad_post_sidebar_id":"","_kad_post_content_style":"","_kad_post_vertical_padding":"","_kad_post_feature":"","_kad_post_feature_position":"","_kad_post_header":false,"_kad_post_footer":false,"_kad_post_classname":"","jetpack_post_was_ever_published":false,"_jetpack_newsletter_access":"","_jetpack_dont_email_post_to_subs":true,"_jetpack_newsletter_tier_id":0,"_jetpack_memberships_contains_paywalled_content":false,"_jetpack_memberships_contains_paid_content":false,"footnotes":""},"categories":[167],"tags":[654,7,483,52,162,66,68,349,347],"class_list":["post-37689","post","type-post","status-publish","format-standard","hentry","category-ethnicity-languages-religion-arts","tag-654","tag-article","tag-communities","tag-french-language","tag-language-policy","tag-migration","tag-sociolinguistics","tag-spaniards","tag-testimonies"],"jetpack_featured_media_url":"","jetpack_sharing_enabled":true,"_links":{"self":[{"href":"https:\/\/swissmig.unine.ch\/index.php?rest_route=\/wp\/v2\/posts\/37689","targetHints":{"allow":["GET"]}}],"collection":[{"href":"https:\/\/swissmig.unine.ch\/index.php?rest_route=\/wp\/v2\/posts"}],"about":[{"href":"https:\/\/swissmig.unine.ch\/index.php?rest_route=\/wp\/v2\/types\/post"}],"author":[{"embeddable":true,"href":"https:\/\/swissmig.unine.ch\/index.php?rest_route=\/wp\/v2\/users\/4"}],"replies":[{"embeddable":true,"href":"https:\/\/swissmig.unine.ch\/index.php?rest_route=%2Fwp%2Fv2%2Fcomments&post=37689"}],"version-history":[{"count":0,"href":"https:\/\/swissmig.unine.ch\/index.php?rest_route=\/wp\/v2\/posts\/37689\/revisions"}],"wp:attachment":[{"href":"https:\/\/swissmig.unine.ch\/index.php?rest_route=%2Fwp%2Fv2%2Fmedia&parent=37689"}],"wp:term":[{"taxonomy":"category","embeddable":true,"href":"https:\/\/swissmig.unine.ch\/index.php?rest_route=%2Fwp%2Fv2%2Fcategories&post=37689"},{"taxonomy":"post_tag","embeddable":true,"href":"https:\/\/swissmig.unine.ch\/index.php?rest_route=%2Fwp%2Fv2%2Ftags&post=37689"}],"curies":[{"name":"wp","href":"https:\/\/api.w.org\/{rel}","templated":true}]}}